{"id":457,"date":"2005-08-26T16:00:00","date_gmt":"2005-08-26T14:00:00","guid":{"rendered":"http:\/\/www.meier-gerdingh.de\/spd-oberhausen\/wp\/?p=457"},"modified":"2017-05-14T10:44:18","modified_gmt":"2017-05-14T08:44:18","slug":"elterngeld-und-bessere-betreuungsmoeglichkeiten-sollen-eltern-die-entscheidung-fuer-kinder-erleichtern","status":"publish","type":"post","link":"https:\/\/meier-gerdingh.de\/wp-spd-ob\/2005\/08\/26\/elterngeld-und-bessere-betreuungsmoeglichkeiten-sollen-eltern-die-entscheidung-fuer-kinder-erleichtern\/","title":{"rendered":"Elterngeld und bessere Betreuungsm\u00f6glichkeiten sollen Eltern die Entscheidung f\u00fcr Kinder erleichtern"},"content":{"rendered":"<p><a href=\"http:\/\/meier-gerdingh.de\/wp-spd-ob\/wp-content\/uploads\/plakat_familienpolitik.jpg\"><img decoding=\"async\" class=\"size-full alignleft\" src=\"http:\/\/meier-gerdingh.de\/wp-spd-ob\/wp-content\/uploads\/plakat_familienpolitik.jpg\" alt=\"\" width=\"160\" height=\"211\" \/><\/a>Am 18. September gibt es eine Entscheidungswahl. Auch \u00fcber die Frage der zuk\u00fcnftigen Familienpolitik wird entschieden. Die SPD plant eine Reihe von Ma\u00dfnahmen, mit denen junge Familien besser gef\u00f6rdert werden sollen, so Grotthaus. So soll z.B. das bisherige Erziehungsgeld in ein f\u00fcr ein Jahr gezahltes Elterngeld umgewandelt werden. V\u00e4ter und M\u00fctter sollen 67% ihres letzten Nettoeinkommens bis zu einem H\u00f6chstsatz von 1.800 Euro erhalten. F\u00fcr nicht Erwerbst\u00e4tige betr\u00e4gt diese Summe bis zu 750 Euro. Familien und Alleinerziehende sind damit auch in der &#8222;Babypause&#8220; wirtschaftlich abgesichert.<!--more--><\/p>\n<p>Familienpolitik kommt im Wahlprogramm von Frau Merkel kaum vor &#8211; das spricht f\u00fcr sich.<\/p>\n<p>Bei der Familienpolitik, so Grotthaus weiter, z\u00e4hlen aber <b>Fakten<\/b>:<\/p>\n<p>&#8211; So hat die SPD-gef\u00fchrte Bundesregierung das Kindergeld f\u00fcr das 1. und 2. Kind von 112 auf 154 Euro monatlich angehoben &#8211; eine Steigerung um 42 Euro oder + 37 Prozent.<\/p>\n<p>&#8211; Der Erziehungsurlaub wurde zu einer flexiblen Elternzeit umgestaltet. V\u00e4ter und M\u00fctter k\u00f6nnen bis zu drei Jahre ihr Kind betreuen und gleichzeitig in Teilzeit arbeiten.<\/p>\n<p>&#8211; Der Rechtsanspruch auf Teilzeitarbeit wurde durchgesetzt.<\/p>\n<p>&#8211; Die Betreuungsangebote f\u00fcr Kinder unter drei Jahren sind auf eine neue gesetzliche Grundlage gestellt worden: Bis 2010 werden rd. 230.000 neue Pl\u00e4tze entstehen.<\/p>\n<p>&#8211; Der Bund f\u00f6rdert den Auf- und Ausbau von Ganztagsschulen in den L\u00e4ndern bis 2008 mit 4 Milliarden Euro.<\/p>\n<p>Entscheiden auch Sie sich, so Wolfgang Grotthaus, am 18. September f\u00fcr die SPD und eine Politik, die die Familie und unsere Kinder in den Mittelpunkt stellt.<\/p>\n","protected":false},"excerpt":{"rendered":"<p>Am 18. September gibt es eine Entscheidungswahl. Auch \u00fcber die Frage der zuk\u00fcnftigen Familienpolitik wird entschieden. Die SPD plant eine Reihe von Ma\u00dfnahmen, mit denen junge Familien besser gef\u00f6rdert werden&hellip; <\/p>\n","protected":false},"author":1,"featured_media":0,"comment_status":"closed","ping_status":"closed","sticky":false,"template":"","format":"standard","meta":{"footnotes":""},"categories":[1],"tags":[],"quellen":[],"class_list":["post-457","post","type-post","status-publish","format-standard","hentry","category-allgemein"],"_links":{"self":[{"href":"https:\/\/meier-gerdingh.de\/wp-spd-ob\/wp-json\/wp\/v2\/posts\/457","targetHints":{"allow":["GET"]}}],"collection":[{"href":"https:\/\/meier-gerdingh.de\/wp-spd-ob\/wp-json\/wp\/v2\/posts"}],"about":[{"href":"https:\/\/meier-gerdingh.de\/wp-spd-ob\/wp-json\/wp\/v2\/types\/post"}],"author":[{"embeddable":true,"href":"https:\/\/meier-gerdingh.de\/wp-spd-ob\/wp-json\/wp\/v2\/users\/1"}],"replies":[{"embeddable":true,"href":"https:\/\/meier-gerdingh.de\/wp-spd-ob\/wp-json\/wp\/v2\/comments?post=457"}],"version-history":[{"count":0,"href":"https:\/\/meier-gerdingh.de\/wp-spd-ob\/wp-json\/wp\/v2\/posts\/457\/revisions"}],"wp:attachment":[{"href":"https:\/\/meier-gerdingh.de\/wp-spd-ob\/wp-json\/wp\/v2\/media?parent=457"}],"wp:term":[{"taxonomy":"category","embeddable":true,"href":"https:\/\/meier-gerdingh.de\/wp-spd-ob\/wp-json\/wp\/v2\/categories?post=457"},{"taxonomy":"post_tag","embeddable":true,"href":"https:\/\/meier-gerdingh.de\/wp-spd-ob\/wp-json\/wp\/v2\/tags?post=457"},{"taxonomy":"quellen","embeddable":true,"href":"https:\/\/meier-gerdingh.de\/wp-spd-ob\/wp-json\/wp\/v2\/quellen?post=457"}],"curies":[{"name":"wp","href":"https:\/\/api.w.org\/{rel}","templated":true}]}}