{"id":4580,"date":"2017-09-18T18:01:19","date_gmt":"2017-09-18T16:01:19","guid":{"rendered":"http:\/\/meier-gerdingh.de\/wp-spd-ob\/?p=4580"},"modified":"2017-10-09T18:26:08","modified_gmt":"2017-10-09T16:26:08","slug":"ortsvereine-alsfeld-holten-und-sterkrade-nord-ehrten-jubilare-im-kastell-holten","status":"publish","type":"post","link":"https:\/\/meier-gerdingh.de\/wp-spd-ob\/2017\/09\/18\/ortsvereine-alsfeld-holten-und-sterkrade-nord-ehrten-jubilare-im-kastell-holten\/","title":{"rendered":"Ortsvereine Alsfeld-Holten und Sterkrade-Nord ehrten Jubilare im Kastell Holten"},"content":{"rendered":"<div id=\"attachment_4578\" style=\"width: 875px\" class=\"wp-caption aligncenter\"><a href=\"http:\/\/meier-gerdingh.de\/wp-spd-ob\/wp-content\/uploads\/2017\/09\/ovs_alsfeld_holten_sterkrade_nord_jubilare_2017.jpg\"><img aria-describedby=\"caption-attachment-4578\" decoding=\"async\" class=\"size-full wp-image-4578\" src=\"http:\/\/meier-gerdingh.de\/wp-spd-ob\/wp-content\/uploads\/2017\/09\/ovs_alsfeld_holten_sterkrade_nord_jubilare_2017.jpg\" alt=\"\" width=\"865\" height=\"514\" srcset=\"https:\/\/meier-gerdingh.de\/wp-spd-ob\/wp-content\/uploads\/2017\/09\/ovs_alsfeld_holten_sterkrade_nord_jubilare_2017.jpg 865w, https:\/\/meier-gerdingh.de\/wp-spd-ob\/wp-content\/uploads\/2017\/09\/ovs_alsfeld_holten_sterkrade_nord_jubilare_2017-300x178.jpg 300w, https:\/\/meier-gerdingh.de\/wp-spd-ob\/wp-content\/uploads\/2017\/09\/ovs_alsfeld_holten_sterkrade_nord_jubilare_2017-768x456.jpg 768w\" sizes=\"(max-width: 865px) 100vw, 865px\" \/><\/a><p id=\"caption-attachment-4578\" class=\"wp-caption-text\">Wurden f\u00fcr langj\u00e4hrige Mitgliedschaft in der SPD geehrt: Die Jubilare der beiden Sterkrader SPD-Ortsvereine Alsfeld-Holten und Sterkrade-Nord<\/p><\/div>\n<p>Am Sonntag, den 10. September 2017, wurden die Jubilare der SPD-Ortsvereine Alsfeld-Holten und Sterkrade-Nord im Kastell Holten geehrt. Nach der Begr\u00fc\u00dfung durch die Ortsvereinsvorsitzenden Helmuth Eidam und Karl-Heinz M\u00fcller sowie einem Gru\u00dfwort des SPD-Bundestagsabgeordneten Dirk V\u00f6pel fand die Ehrung der Jubilare statt. Es wurden insgesamt 3 sechzig-, 11 f\u00fcnfzig-, 9 vierzig- und 6 f\u00fcnfundzwanzigj\u00e4hrige Mitgliedschaften geehrt.<!--more--><\/p>\n<p>In geselliger Runde wurden anschlie\u00dfend bei Kaffee und Kuchen viele nette Gespr\u00e4che gef\u00fchrt und Geschichten und Anekdoten aus vergangenen Zeiten erz\u00e4hlt.<\/p>\n","protected":false},"excerpt":{"rendered":"<p>Am Sonntag, den 10. September 2017, wurden die Jubilare der SPD-Ortsvereine Alsfeld-Holten und Sterkrade-Nord im Kastell Holten geehrt. Nach der Begr\u00fc\u00dfung durch die Ortsvereinsvorsitzenden Helmuth Eidam und Karl-Heinz M\u00fcller sowie&hellip; <\/p>\n","protected":false},"author":1,"featured_media":0,"comment_status":"closed","ping_status":"closed","sticky":false,"template":"","format":"standard","meta":{"footnotes":""},"categories":[173],"tags":[261],"quellen":[336,337],"class_list":["post-4580","post","type-post","status-publish","format-standard","hentry","category-parteileben","tag-jubilarehrung","quellen-ov-alsfeld-holten","quellen-ov-sterkrade-nord"],"_links":{"self":[{"href":"https:\/\/meier-gerdingh.de\/wp-spd-ob\/wp-json\/wp\/v2\/posts\/4580","targetHints":{"allow":["GET"]}}],"collection":[{"href":"https:\/\/meier-gerdingh.de\/wp-spd-ob\/wp-json\/wp\/v2\/posts"}],"about":[{"href":"https:\/\/meier-gerdingh.de\/wp-spd-ob\/wp-json\/wp\/v2\/types\/post"}],"author":[{"embeddable":true,"href":"https:\/\/meier-gerdingh.de\/wp-spd-ob\/wp-json\/wp\/v2\/users\/1"}],"replies":[{"embeddable":true,"href":"https:\/\/meier-gerdingh.de\/wp-spd-ob\/wp-json\/wp\/v2\/comments?post=4580"}],"version-history":[{"count":0,"href":"https:\/\/meier-gerdingh.de\/wp-spd-ob\/wp-json\/wp\/v2\/posts\/4580\/revisions"}],"wp:attachment":[{"href":"https:\/\/meier-gerdingh.de\/wp-spd-ob\/wp-json\/wp\/v2\/media?parent=4580"}],"wp:term":[{"taxonomy":"category","embeddable":true,"href":"https:\/\/meier-gerdingh.de\/wp-spd-ob\/wp-json\/wp\/v2\/categories?post=4580"},{"taxonomy":"post_tag","embeddable":true,"href":"https:\/\/meier-gerdingh.de\/wp-spd-ob\/wp-json\/wp\/v2\/tags?post=4580"},{"taxonomy":"quellen","embeddable":true,"href":"https:\/\/meier-gerdingh.de\/wp-spd-ob\/wp-json\/wp\/v2\/quellen?post=4580"}],"curies":[{"name":"wp","href":"https:\/\/api.w.org\/{rel}","templated":true}]}}