{"id":4587,"date":"2017-09-26T17:17:31","date_gmt":"2017-09-26T15:17:31","guid":{"rendered":"http:\/\/meier-gerdingh.de\/wp-spd-ob\/?p=4587"},"modified":"2017-10-03T17:21:04","modified_gmt":"2017-10-03T15:21:04","slug":"sonja-bongers-wird-vorsitzende-des-unterausschusses-personal","status":"publish","type":"post","link":"https:\/\/meier-gerdingh.de\/wp-spd-ob\/2017\/09\/26\/sonja-bongers-wird-vorsitzende-des-unterausschusses-personal\/","title":{"rendered":"Sonja Bongers wird Vorsitzende des Unterausschusses Personal"},"content":{"rendered":"<div id=\"attachment_4241\" style=\"width: 150px\" class=\"wp-caption alignleft\"><a href=\"http:\/\/meier-gerdingh.de\/wp-spd-ob\/wp-content\/uploads\/2017\/05\/bongers_sonja_17.jpg\"><img aria-describedby=\"caption-attachment-4241\" decoding=\"async\" class=\"size-full wp-image-4241\" src=\"http:\/\/meier-gerdingh.de\/wp-spd-ob\/wp-content\/uploads\/2017\/05\/bongers_sonja_17.jpg\" alt=\"\" width=\"140\" height=\"192\" \/><\/a><p id=\"caption-attachment-4241\" class=\"wp-caption-text\">Sonja Bongers ist Mitglied des Landtags f\u00fcr Alt-Oberhausen und Osterfeld<\/p><\/div>\n<p>Mit der konstituierenden Sitzung des Unterausschusses Personal tritt die Landtagsabgeordnete Sonja Bongers (SPD) ihr neues Amt als Ausschussvorsitzende im Unterausschuss Personal an. Das Ressort Personal ist dem Haushalts- und Finanzausschuss zugeordnet und befasst sich mit der Personalsituation der nordrhein-westf\u00e4lischen Landesbeamten und anderen Mitarbeitern, wie zum Beispiel von Lehrern, Richtern, Polizisten oder Vollzugsbeamten. &#8222;Ich freue mich sehr auf diese spannende und verantwortungsvolle Aufgabe&#8220;, so Bongers.<!--more--><\/p>\n<p>Der Oberhausener Abgeordnete Stefan Zimkeit ist Sprecher f\u00fcr die SPD-Fraktion im selbigen Gremium und wird dort f\u00fcr die sozialdemokratische Position streiten. Zur heutigen Sitzung res\u00fcmiert er: &#8222;Es ist schon besch\u00e4mend, dass die neue Landesregierung im Haushaltsentwurf 139 neue Stellen f\u00fcr ihre Ministerialb\u00fcrokratie beansprucht, aber keine neue Lehrerstellen einplant. Besonders dramatisch ist dieses f\u00fcr die Grundschulen, in denen in NRW etwa 1000 Lehrerstellen f\u00fcr den regul\u00e4ren Unterrichtsbedarf fehlen.&#8220;<\/p>\n","protected":false},"excerpt":{"rendered":"<p>Mit der konstituierenden Sitzung des Unterausschusses Personal tritt die Landtagsabgeordnete Sonja Bongers (SPD) ihr neues Amt als Ausschussvorsitzende im Unterausschuss Personal an. Das Ressort Personal ist dem Haushalts- und Finanzausschuss&hellip; <\/p>\n","protected":false},"author":1,"featured_media":0,"comment_status":"closed","ping_status":"closed","sticky":false,"template":"","format":"standard","meta":{"footnotes":""},"categories":[98,216],"tags":[565,219,1373,1372,1371],"quellen":[1317,331],"class_list":["post-4587","post","type-post","status-publish","format-standard","hentry","category-finanzen","category-land","tag-landeshaushalt","tag-landtag-nrw","tag-lehrerstellen","tag-personalpolitik","tag-unterausschuss-personal","quellen-mdl-sonja-bongers","quellen-mdl-stefan-zimkeit"],"_links":{"self":[{"href":"https:\/\/meier-gerdingh.de\/wp-spd-ob\/wp-json\/wp\/v2\/posts\/4587","targetHints":{"allow":["GET"]}}],"collection":[{"href":"https:\/\/meier-gerdingh.de\/wp-spd-ob\/wp-json\/wp\/v2\/posts"}],"about":[{"href":"https:\/\/meier-gerdingh.de\/wp-spd-ob\/wp-json\/wp\/v2\/types\/post"}],"author":[{"embeddable":true,"href":"https:\/\/meier-gerdingh.de\/wp-spd-ob\/wp-json\/wp\/v2\/users\/1"}],"replies":[{"embeddable":true,"href":"https:\/\/meier-gerdingh.de\/wp-spd-ob\/wp-json\/wp\/v2\/comments?post=4587"}],"version-history":[{"count":0,"href":"https:\/\/meier-gerdingh.de\/wp-spd-ob\/wp-json\/wp\/v2\/posts\/4587\/revisions"}],"wp:attachment":[{"href":"https:\/\/meier-gerdingh.de\/wp-spd-ob\/wp-json\/wp\/v2\/media?parent=4587"}],"wp:term":[{"taxonomy":"category","embeddable":true,"href":"https:\/\/meier-gerdingh.de\/wp-spd-ob\/wp-json\/wp\/v2\/categories?post=4587"},{"taxonomy":"post_tag","embeddable":true,"href":"https:\/\/meier-gerdingh.de\/wp-spd-ob\/wp-json\/wp\/v2\/tags?post=4587"},{"taxonomy":"quellen","embeddable":true,"href":"https:\/\/meier-gerdingh.de\/wp-spd-ob\/wp-json\/wp\/v2\/quellen?post=4587"}],"curies":[{"name":"wp","href":"https:\/\/api.w.org\/{rel}","templated":true}]}}