{"id":4588,"date":"2017-09-28T18:02:00","date_gmt":"2017-09-28T16:02:00","guid":{"rendered":"http:\/\/meier-gerdingh.de\/wp-spd-ob\/?p=4588"},"modified":"2018-10-01T10:55:36","modified_gmt":"2018-10-01T08:55:36","slug":"verkehrsplanung-und-parkraumbewirtschaftung-im-oberhausener-westen","status":"publish","type":"post","link":"https:\/\/meier-gerdingh.de\/wp-spd-ob\/2017\/09\/28\/verkehrsplanung-und-parkraumbewirtschaftung-im-oberhausener-westen\/","title":{"rendered":"Verkehrsplanung und Parkraumbewirtschaftung im Oberhausener Westen"},"content":{"rendered":"<p><a href=\"http:\/\/meier-gerdingh.de\/wp-spd-ob\/wp-content\/uploads\/banner_ov_west_neu.jpg\"><img decoding=\"async\" class=\"aligncenter size-full wp-image-1778\" src=\"http:\/\/meier-gerdingh.de\/wp-spd-ob\/wp-content\/uploads\/banner_ov_west_neu.jpg\" alt=\"\" width=\"600\" height=\"150\" srcset=\"https:\/\/meier-gerdingh.de\/wp-spd-ob\/wp-content\/uploads\/banner_ov_west_neu.jpg 600w, https:\/\/meier-gerdingh.de\/wp-spd-ob\/wp-content\/uploads\/banner_ov_west_neu-300x75.jpg 300w\" sizes=\"(max-width: 600px) 100vw, 600px\" \/><\/a>Der SPD-Ortsverein Oberhausen-West l\u00e4dt in Kooperation mit dem Ortsverein Oberhausen-Mitte in seiner Reihe STADTTEILGESPR\u00c4CHE alle interessierten B\u00fcrgerinnen und B\u00fcrger ein, sich \u00fcber die geplanten <strong>Stra\u00dfen- und Radwegema\u00dfnahmen in Alstaden und Lirich<\/strong> zu informieren.<\/p>\n<p><strong>TERMIN:<\/strong><\/p>\n<p><strong>MI&nbsp;&nbsp;|&nbsp;&nbsp;4. Oktober 2017&nbsp;&nbsp;|&nbsp;&nbsp;18.30 Uhr<br \/>\nZentrum Altenberg&nbsp;&nbsp;|&nbsp;&nbsp;Hansastr. 20&nbsp;&nbsp;|&nbsp;&nbsp;46049 Oberhausen<\/strong><\/p>\n<p>Als Vertreterin der Stadtverwaltung wird Frau <strong>Sabine Janclas<\/strong>, Leiterin des Bereichs Verkehrsplanung Tiefbau \u00fcber die Aktivit\u00e4ten in ihrem Bereich informieren und als Ansprechpartnerin f\u00fcr die aktuelle Verkehrsplanung zur Verf\u00fcgung stehen.<!--more--><\/p>\n<p>Dar\u00fcber hinaus wird sie \u00fcber den Sachstand zum geplanten <strong>Parkraumbewirtschaftungssystem in der Stadtmitte<\/strong> berichten und \u00fcber das neue <strong>Baustellenportal<\/strong> im Internet informieren.<\/p>\n<p>Wie immer bietet die Veranstaltung im Anschluss an die thematische Diskussion die Gelegenheit, die SPD-Rats- und Bezirksvertretungsmitglieder aus den Stadtteilen Alstaden und Lirich auf aktuelle politische Themen anzusprechen.<\/p>\n","protected":false},"excerpt":{"rendered":"<p>Der SPD-Ortsverein Oberhausen-West l\u00e4dt in Kooperation mit dem Ortsverein Oberhausen-Mitte in seiner Reihe STADTTEILGESPR\u00c4CHE alle interessierten B\u00fcrgerinnen und B\u00fcrger ein, sich \u00fcber die geplanten Stra\u00dfen- und Radwegema\u00dfnahmen in Alstaden und&hellip; <\/p>\n","protected":false},"author":1,"featured_media":0,"comment_status":"closed","ping_status":"closed","sticky":false,"template":"","format":"standard","meta":{"footnotes":""},"categories":[27,171],"tags":[134,422,183,92,1375,1137,184,1116,1374],"quellen":[335],"class_list":["post-4588","post","type-post","status-publish","format-standard","hentry","category-planen-bauen-wohnen-verkehr","category-veranstaltungen","tag-alstaden","tag-buergerversammlung","tag-lirich","tag-parken","tag-parkraumbewirtschaftung","tag-radwege","tag-stadtteilgespraeche","tag-strassenbau","tag-verkehrsplanung","quellen-ov-west"],"_links":{"self":[{"href":"https:\/\/meier-gerdingh.de\/wp-spd-ob\/wp-json\/wp\/v2\/posts\/4588","targetHints":{"allow":["GET"]}}],"collection":[{"href":"https:\/\/meier-gerdingh.de\/wp-spd-ob\/wp-json\/wp\/v2\/posts"}],"about":[{"href":"https:\/\/meier-gerdingh.de\/wp-spd-ob\/wp-json\/wp\/v2\/types\/post"}],"author":[{"embeddable":true,"href":"https:\/\/meier-gerdingh.de\/wp-spd-ob\/wp-json\/wp\/v2\/users\/1"}],"replies":[{"embeddable":true,"href":"https:\/\/meier-gerdingh.de\/wp-spd-ob\/wp-json\/wp\/v2\/comments?post=4588"}],"version-history":[{"count":0,"href":"https:\/\/meier-gerdingh.de\/wp-spd-ob\/wp-json\/wp\/v2\/posts\/4588\/revisions"}],"wp:attachment":[{"href":"https:\/\/meier-gerdingh.de\/wp-spd-ob\/wp-json\/wp\/v2\/media?parent=4588"}],"wp:term":[{"taxonomy":"category","embeddable":true,"href":"https:\/\/meier-gerdingh.de\/wp-spd-ob\/wp-json\/wp\/v2\/categories?post=4588"},{"taxonomy":"post_tag","embeddable":true,"href":"https:\/\/meier-gerdingh.de\/wp-spd-ob\/wp-json\/wp\/v2\/tags?post=4588"},{"taxonomy":"quellen","embeddable":true,"href":"https:\/\/meier-gerdingh.de\/wp-spd-ob\/wp-json\/wp\/v2\/quellen?post=4588"}],"curies":[{"name":"wp","href":"https:\/\/api.w.org\/{rel}","templated":true}]}}