{"id":4596,"date":"2017-10-06T16:29:03","date_gmt":"2017-10-06T14:29:03","guid":{"rendered":"http:\/\/meier-gerdingh.de\/wp-spd-ob\/?p=4596"},"modified":"2017-10-06T16:29:03","modified_gmt":"2017-10-06T14:29:03","slug":"kirsten-oberste-kleinbeck-hakt-nach-bei-sprachkursen","status":"publish","type":"post","link":"https:\/\/meier-gerdingh.de\/wp-spd-ob\/2017\/10\/06\/kirsten-oberste-kleinbeck-hakt-nach-bei-sprachkursen\/","title":{"rendered":"Kirsten Oberste-Kleinbeck hakt nach bei Sprachkursen"},"content":{"rendered":"<div id=\"attachment_1546\" style=\"width: 150px\" class=\"wp-caption alignleft\"><a href=\"http:\/\/meier-gerdingh.de\/wp-spd-ob\/wp-content\/uploads\/oberste_kleinbeck_kirsten_09.jpg\"><img aria-describedby=\"caption-attachment-1546\" decoding=\"async\" class=\"size-full wp-image-1546\" src=\"http:\/\/meier-gerdingh.de\/wp-spd-ob\/wp-content\/uploads\/oberste_kleinbeck_kirsten_09.jpg\" alt=\"\" width=\"140\" height=\"169\" \/><\/a><p id=\"caption-attachment-1546\" class=\"wp-caption-text\">Kirsten Oberste-Kleinbeck ist stellvertretende Vorsitzende der SPD-Fraktion und schulpolitische Sprecherin<\/p><\/div>\n<p>Im Zuge der fortschreitenden Integration von Fl\u00fcchtlingen ziehen immer mehr von ihnen in privaten Wohnraum. F\u00fcr einen Umzug werde von den meisten Vermietern das Beherrschen der deutschen Sprache vorausgesetzt oder erw\u00fcnscht, so Kirsten Oberste-Kleinbeck, stellvertretende Fraktionsvorsitzende der SPD im Rat. Vor diesem Hintergrund ist die Zahl der Sprachkurse f\u00fcr Fl\u00fcchtlinge stark angestiegen.<!--more--><\/p>\n<p>Diese werden nicht nur von der VHS Oberhausen, sondern auch von Drittanbietern offeriert. Vor diesem Hintergrund hat Kirsten Oberste-Kleinbeck eine Kleine Anfrage zum Thema &#8222;Sprachkurse f\u00fcr Fl\u00fcchtlinge&#8220; formuliert.<\/p>\n<p>Die SPD m\u00f6chte zun\u00e4chst einen \u00dcberblick, welche Sprachkursanbieter f\u00fcr Fl\u00fcchtlinge vor Ort aktiv sind. Zudem wollen Oberhausens Sozialdemokraten wissen, wo diese Anbieter in Oberhausen sitzen und welche Qualit\u00e4tskriterien sie erf\u00fcllen m\u00fcssen, um \u00fcberhaupt Sprachkurse anbieten zu k\u00f6nnen. Au\u00dferdem stellen sie noch die Frage, welche Personen \u00fcberhaupt an den Sprachkursen teilnehmen d\u00fcrfen.<\/p>\n","protected":false},"excerpt":{"rendered":"<p>Im Zuge der fortschreitenden Integration von Fl\u00fcchtlingen ziehen immer mehr von ihnen in privaten Wohnraum. F\u00fcr einen Umzug werde von den meisten Vermietern das Beherrschen der deutschen Sprache vorausgesetzt oder&hellip; <\/p>\n","protected":false},"author":1,"featured_media":0,"comment_status":"closed","ping_status":"closed","sticky":false,"template":"","format":"standard","meta":{"footnotes":""},"categories":[61],"tags":[209,575,135,576],"quellen":[326],"class_list":["post-4596","post","type-post","status-publish","format-standard","hentry","category-integration","tag-fluechtlinge","tag-fluechtlingsintegration","tag-kleine-anfrage","tag-sprachkurse","quellen-spd-fraktion-oberhausen"],"_links":{"self":[{"href":"https:\/\/meier-gerdingh.de\/wp-spd-ob\/wp-json\/wp\/v2\/posts\/4596","targetHints":{"allow":["GET"]}}],"collection":[{"href":"https:\/\/meier-gerdingh.de\/wp-spd-ob\/wp-json\/wp\/v2\/posts"}],"about":[{"href":"https:\/\/meier-gerdingh.de\/wp-spd-ob\/wp-json\/wp\/v2\/types\/post"}],"author":[{"embeddable":true,"href":"https:\/\/meier-gerdingh.de\/wp-spd-ob\/wp-json\/wp\/v2\/users\/1"}],"replies":[{"embeddable":true,"href":"https:\/\/meier-gerdingh.de\/wp-spd-ob\/wp-json\/wp\/v2\/comments?post=4596"}],"version-history":[{"count":0,"href":"https:\/\/meier-gerdingh.de\/wp-spd-ob\/wp-json\/wp\/v2\/posts\/4596\/revisions"}],"wp:attachment":[{"href":"https:\/\/meier-gerdingh.de\/wp-spd-ob\/wp-json\/wp\/v2\/media?parent=4596"}],"wp:term":[{"taxonomy":"category","embeddable":true,"href":"https:\/\/meier-gerdingh.de\/wp-spd-ob\/wp-json\/wp\/v2\/categories?post=4596"},{"taxonomy":"post_tag","embeddable":true,"href":"https:\/\/meier-gerdingh.de\/wp-spd-ob\/wp-json\/wp\/v2\/tags?post=4596"},{"taxonomy":"quellen","embeddable":true,"href":"https:\/\/meier-gerdingh.de\/wp-spd-ob\/wp-json\/wp\/v2\/quellen?post=4596"}],"curies":[{"name":"wp","href":"https:\/\/api.w.org\/{rel}","templated":true}]}}