{"id":4598,"date":"2017-10-09T18:09:23","date_gmt":"2017-10-09T16:09:23","guid":{"rendered":"http:\/\/meier-gerdingh.de\/wp-spd-ob\/?p=4598"},"modified":"2017-10-09T18:11:03","modified_gmt":"2017-10-09T16:11:03","slug":"spd-draengt-auf-sozialindex-fuer-schulen","status":"publish","type":"post","link":"https:\/\/meier-gerdingh.de\/wp-spd-ob\/2017\/10\/09\/spd-draengt-auf-sozialindex-fuer-schulen\/","title":{"rendered":"SPD dr\u00e4ngt auf Sozialindex f\u00fcr Schulen"},"content":{"rendered":"<div id=\"attachment_1546\" style=\"width: 150px\" class=\"wp-caption alignleft\"><a href=\"http:\/\/meier-gerdingh.de\/wp-spd-ob\/wp-content\/uploads\/oberste_kleinbeck_kirsten_09.jpg\"><img aria-describedby=\"caption-attachment-1546\" decoding=\"async\" class=\"size-full wp-image-1546\" src=\"http:\/\/meier-gerdingh.de\/wp-spd-ob\/wp-content\/uploads\/oberste_kleinbeck_kirsten_09.jpg\" alt=\"\" width=\"140\" height=\"169\" \/><\/a><p id=\"caption-attachment-1546\" class=\"wp-caption-text\">Kirsten Oberste-Kleinbeck ist stellvertretende Vorsitzende und schulpolitische Sprecherin der SPD-Fraktion<\/p><\/div>\n<p>Bereits vor der Sommerpause hat die Politik das Programm &#8222;Gute Schule 2020&#8220; auf den Weg gebracht. Aus dem vom Rat beschlossenen, dazugeh\u00f6rigen \u00c4nderungsantrag der Koalition aus SPD, Gr\u00fcnen und FDP geht hervor, dass zun\u00e4chst mehr als 13 Millionen Euro f\u00fcr unstrittige und absolut notwendige Ma\u00dfnahmen an Oberhausener Schulen freigegeben worden sind.<\/p>\n<p>F\u00fcr die weiteren, von der Verwaltung vorgeschlagenen Ma\u00dfnahmen fehlten nach Ansicht der Koalition objektiv nachvollziehbare Kriterien, warum welche Schule wann von dem Programm profitieren soll.<!--more--><\/p>\n<p>F\u00fcr alle weiteren Ma\u00dfnahmen in diesem Rahmen ist die Ber\u00fccksichtigung von sozialen und p\u00e4dagogischen Kriterien erforderlich \u2013 dies sieht der \u00c4nderungsantrag der Koalition so vor.<\/p>\n<p>&#8222;Bei einer solchen finanziellen Gr\u00f6\u00dfenordnung muss es f\u00fcr alle Beteiligten einleuchtend sein, warum Entscheidungen f\u00fcr bestimmte Standorte getroffen werden und warum andere zun\u00e4chst warten m\u00fcssen&#8220;, erkl\u00e4rt Kirsten Oberste-Kleinbeck, schulpolitische Sprecherin der SPD-Ratsfraktion. Ein Sozialindex, der anhand von soziodemographischen Merkmalen die soziale Situation einer Schule erfasst, sei in dieser Frage ein extrem relevantes Kriterium.<\/p>\n<p>In einer Kleinen Anfrage an Oberb\u00fcrgermeister Daniel Schranz m\u00f6chte die SPD-Schulpolitikerin wissen, wie weit die Verwaltung mit der Erarbeitung des Sozialindexes f\u00fcr die Oberhausener Schulen ist und wann dieser Index dem Rat und seinen Aussch\u00fcssen vorgestellt wird. Zudem m\u00f6chte Oberste-Kleinbeck wissen, wie die Verwaltung diese Zahlen abgesehen vom Programm &#8222;Gute Schule 2020&#8220; weiterhin zu verwenden gedenkt.<\/p>\n","protected":false},"excerpt":{"rendered":"<p>Bereits vor der Sommerpause hat die Politik das Programm &#8222;Gute Schule 2020&#8220; auf den Weg gebracht. Aus dem vom Rat beschlossenen, dazugeh\u00f6rigen \u00c4nderungsantrag der Koalition aus SPD, Gr\u00fcnen und FDP&hellip; <\/p>\n","protected":false},"author":1,"featured_media":0,"comment_status":"closed","ping_status":"closed","sticky":false,"template":"","format":"standard","meta":{"footnotes":""},"categories":[231],"tags":[135,833,1256,1379],"quellen":[326],"class_list":["post-4598","post","type-post","status-publish","format-standard","hentry","category-bildung","tag-kleine-anfrage","tag-programm-gute-schule-2020","tag-schulsanierung","tag-sozialindex","quellen-spd-fraktion-oberhausen"],"_links":{"self":[{"href":"https:\/\/meier-gerdingh.de\/wp-spd-ob\/wp-json\/wp\/v2\/posts\/4598","targetHints":{"allow":["GET"]}}],"collection":[{"href":"https:\/\/meier-gerdingh.de\/wp-spd-ob\/wp-json\/wp\/v2\/posts"}],"about":[{"href":"https:\/\/meier-gerdingh.de\/wp-spd-ob\/wp-json\/wp\/v2\/types\/post"}],"author":[{"embeddable":true,"href":"https:\/\/meier-gerdingh.de\/wp-spd-ob\/wp-json\/wp\/v2\/users\/1"}],"replies":[{"embeddable":true,"href":"https:\/\/meier-gerdingh.de\/wp-spd-ob\/wp-json\/wp\/v2\/comments?post=4598"}],"version-history":[{"count":0,"href":"https:\/\/meier-gerdingh.de\/wp-spd-ob\/wp-json\/wp\/v2\/posts\/4598\/revisions"}],"wp:attachment":[{"href":"https:\/\/meier-gerdingh.de\/wp-spd-ob\/wp-json\/wp\/v2\/media?parent=4598"}],"wp:term":[{"taxonomy":"category","embeddable":true,"href":"https:\/\/meier-gerdingh.de\/wp-spd-ob\/wp-json\/wp\/v2\/categories?post=4598"},{"taxonomy":"post_tag","embeddable":true,"href":"https:\/\/meier-gerdingh.de\/wp-spd-ob\/wp-json\/wp\/v2\/tags?post=4598"},{"taxonomy":"quellen","embeddable":true,"href":"https:\/\/meier-gerdingh.de\/wp-spd-ob\/wp-json\/wp\/v2\/quellen?post=4598"}],"curies":[{"name":"wp","href":"https:\/\/api.w.org\/{rel}","templated":true}]}}