{"id":4600,"date":"2017-10-11T20:56:43","date_gmt":"2017-10-11T18:56:43","guid":{"rendered":"http:\/\/meier-gerdingh.de\/wp-spd-ob\/?p=4600"},"modified":"2017-11-20T16:31:21","modified_gmt":"2017-11-20T15:31:21","slug":"xxxl-lutz-muss-im-schladviertel-neu-nachdenken","status":"publish","type":"post","link":"https:\/\/meier-gerdingh.de\/wp-spd-ob\/2017\/10\/11\/xxxl-lutz-muss-im-schladviertel-neu-nachdenken\/","title":{"rendered":"XXXL Lutz muss im Schladviertel neu nachdenken"},"content":{"rendered":"<div id=\"attachment_1410\" style=\"width: 150px\" class=\"wp-caption alignleft\"><a href=\"http:\/\/meier-gerdingh.de\/wp-spd-ob\/wp-content\/uploads\/grosse_broemer_wolfgang_14.jpg\"><img aria-describedby=\"caption-attachment-1410\" decoding=\"async\" class=\"size-full wp-image-1410\" src=\"http:\/\/meier-gerdingh.de\/wp-spd-ob\/wp-content\/uploads\/grosse_broemer_wolfgang_14.jpg\" alt=\"\" width=\"140\" height=\"169\" \/><\/a><p id=\"caption-attachment-1410\" class=\"wp-caption-text\">Wolfgang Gro\u00dfe Br\u00f6mer ist Vorsitzender der SPD-Ratsfraktion<\/p><\/div>\n<p>Zu eng und zu verdichtet, zu viele Wohneinheiten und kein schl\u00fcssiges Konzept: Nach Ansicht und Diskussion \u00fcber die ersten drei Varianten der st\u00e4dtebaulichen Entw\u00fcrfe f\u00fcr die geplante Bebauung auf dem ehemaligen R\u00fcck-Gel\u00e4nde sieht die Oberhausener SPD-Fraktion auf XXXL Lutz und die beauftragten Planungsb\u00fcros noch viel Arbeit zukommen:<\/p>\n<p>&#8222;Die vorliegenden Entw\u00fcrfe sind in unseren Augen nicht gelungen und sollten keinesfalls in dieser Form umgesetzt werden&#8220;, erkl\u00e4rt SPD-Fraktionschef Wolfgang Gro\u00dfe Br\u00f6mer. &#8222;XXXL Lutz sollte die Kritik aus Politik und B\u00fcrgerschaft annehmen und neue Entw\u00fcrfe pr\u00e4sentieren, auf deren Grundlage man vern\u00fcnftig diskutieren kann.&#8220;<!--more--><\/p>\n<p>Besonders die dichte Bebauung st\u00f6\u00dft auf Kritik: Die drei Entw\u00fcrfe sehen vor, dass auf dem R\u00fcck-Gel\u00e4nde 287 bis 296 Wohneinheiten entstehen sollen. Ein Entwurf ber\u00fccksichtigt den Erhalt der Villa R\u00fcck, zwei nicht.<\/p>\n<p>F\u00fcr die Sozialdemokraten m\u00fcsste zun\u00e4chst allerdings etwas anderes gekl\u00e4rt sein: &#8222;Wir sprechen uns selbstverst\u00e4ndlich f\u00fcr den Erhalt der Villa R\u00fcck aus. Allerdings nur dann, wenn auch ein wirtschaftlich tragf\u00e4higes, realistisch umsetzbares Konzept f\u00fcr die Nutzung vorgelegt wird&#8220;, stellt Gro\u00dfe Br\u00f6mer klar.<\/p>\n<p>Wichtig ist f\u00fcr die Sozialdemokraten auch, dass das Schladviertel nicht durch eine \u00fcberdimensionale Planung \u00fcberlastet wird, sondern dass dort qualitativ guter und bezahlbarer Wohnraum entsteht.<\/p>\n<p>Diese Forderungen, so die Sozialdemokraten, k\u00f6nne die Stadt schlie\u00dflich selbstbewusst gegen\u00fcber dem M\u00f6belh\u00e4ndler vertreten \u2013 die Errichtung des von XXXL Lutz gew\u00fcnschten neuen M\u00f6belhauses auf dem Stahlwerksgel\u00e4nde ist schlie\u00dflich an die Entwicklung im Schladviertel gekoppelt.<\/p>\n","protected":false},"excerpt":{"rendered":"<p>Zu eng und zu verdichtet, zu viele Wohneinheiten und kein schl\u00fcssiges Konzept: Nach Ansicht und Diskussion \u00fcber die ersten drei Varianten der st\u00e4dtebaulichen Entw\u00fcrfe f\u00fcr die geplante Bebauung auf dem&hellip; <\/p>\n","protected":false},"author":1,"featured_media":0,"comment_status":"closed","ping_status":"closed","sticky":false,"template":"","format":"standard","meta":{"footnotes":""},"categories":[27,167],"tags":[33,806,468,1398],"quellen":[326],"class_list":["post-4600","post","type-post","status-publish","format-standard","hentry","category-planen-bauen-wohnen-verkehr","category-stadtteile","tag-rueck","tag-schladviertel","tag-stahlwerksgelaende","tag-xxxl-lutz","quellen-spd-fraktion-oberhausen"],"_links":{"self":[{"href":"https:\/\/meier-gerdingh.de\/wp-spd-ob\/wp-json\/wp\/v2\/posts\/4600","targetHints":{"allow":["GET"]}}],"collection":[{"href":"https:\/\/meier-gerdingh.de\/wp-spd-ob\/wp-json\/wp\/v2\/posts"}],"about":[{"href":"https:\/\/meier-gerdingh.de\/wp-spd-ob\/wp-json\/wp\/v2\/types\/post"}],"author":[{"embeddable":true,"href":"https:\/\/meier-gerdingh.de\/wp-spd-ob\/wp-json\/wp\/v2\/users\/1"}],"replies":[{"embeddable":true,"href":"https:\/\/meier-gerdingh.de\/wp-spd-ob\/wp-json\/wp\/v2\/comments?post=4600"}],"version-history":[{"count":0,"href":"https:\/\/meier-gerdingh.de\/wp-spd-ob\/wp-json\/wp\/v2\/posts\/4600\/revisions"}],"wp:attachment":[{"href":"https:\/\/meier-gerdingh.de\/wp-spd-ob\/wp-json\/wp\/v2\/media?parent=4600"}],"wp:term":[{"taxonomy":"category","embeddable":true,"href":"https:\/\/meier-gerdingh.de\/wp-spd-ob\/wp-json\/wp\/v2\/categories?post=4600"},{"taxonomy":"post_tag","embeddable":true,"href":"https:\/\/meier-gerdingh.de\/wp-spd-ob\/wp-json\/wp\/v2\/tags?post=4600"},{"taxonomy":"quellen","embeddable":true,"href":"https:\/\/meier-gerdingh.de\/wp-spd-ob\/wp-json\/wp\/v2\/quellen?post=4600"}],"curies":[{"name":"wp","href":"https:\/\/api.w.org\/{rel}","templated":true}]}}