{"id":4612,"date":"2017-10-13T18:31:02","date_gmt":"2017-10-13T16:31:02","guid":{"rendered":"http:\/\/meier-gerdingh.de\/wp-spd-ob\/?p=4612"},"modified":"2017-10-13T18:31:02","modified_gmt":"2017-10-13T16:31:02","slug":"schulsozialarbeit-fuer-2018-gesichert","status":"publish","type":"post","link":"https:\/\/meier-gerdingh.de\/wp-spd-ob\/2017\/10\/13\/schulsozialarbeit-fuer-2018-gesichert\/","title":{"rendered":"Schulsozialarbeit f\u00fcr 2018 gesichert"},"content":{"rendered":"<p>Oberhausen kann auch 2018 die Sozialarbeit an den Schulen fortsetzen, freuen sich Sonja Bongers und Stefan Zimkeit. D\u00fcsseldorf hat der Stadt jetzt den Zuwendungsbescheid f\u00fcr die 14,5 Sozialarbeiterstellen \u00fcbermittelt. &#8222;Dies beruht noch auf einem Beschluss, f\u00fcr den die rot-gr\u00fcne Landtagskoalition gesorgt hat&#8220;, erl\u00e4utert SPD-Finanzexperte Stefan Zimkeit. &#8222;Jetzt muss daf\u00fcr gesorgt werden, dass die Schulsozialarbeit \u00fcber 2018 hinaus gesichert wird.&#8220;<!--more--><\/p>\n<p>Sonja Bongers fordert die neue schwarz-gelbe Landesregierung auf, schnell f\u00fcr Klarheit zu sorgen. &#8222;Die Sozialarbeit ist f\u00fcr unsere Schulen unverzichtbar.&#8220; Urspr\u00fcnglich sei sie Teil des Bildungs- und Teilhabepakets des Bundes gewesen, sagt die Landtagsabgeordnete. &#8222;Nachdem Berlin sich auf Druck der CDU aus der Finanzierung herausgezogen hat, ist das Land in die Bresche gesprungen.&#8220;<\/p>\n<p>Laut Zimkeit gibt es jetzt zwei M\u00f6glichkeiten. &#8222;Entweder Ministerpr\u00e4sident Laschet bem\u00fcht sich, dass die Schulsozialarbeit in den Koalitionsverhandlungen in Berlin wieder auf den Tisch kommt. Oder NRW sichert zu, die Finanzierung zu \u00fcbernehmen&#8220;, so der Abgeordnete Zimkeit. &#8222;Der Streit darf jedenfalls nicht auf dem R\u00fccken der Sch\u00fclerinnen und Sch\u00fcler sowie der Sozialarbeiter ausgetragen werden.&#8220;<\/p>\n","protected":false},"excerpt":{"rendered":"<p>Oberhausen kann auch 2018 die Sozialarbeit an den Schulen fortsetzen, freuen sich Sonja Bongers und Stefan Zimkeit. D\u00fcsseldorf hat der Stadt jetzt den Zuwendungsbescheid f\u00fcr die 14,5 Sozialarbeiterstellen \u00fcbermittelt. &#8222;Dies&hellip; <\/p>\n","protected":false},"author":1,"featured_media":0,"comment_status":"closed","ping_status":"closed","sticky":false,"template":"","format":"standard","meta":{"footnotes":""},"categories":[231],"tags":[1381,123],"quellen":[1317,331],"class_list":["post-4612","post","type-post","status-publish","format-standard","hentry","category-bildung","tag-bildungs-und-teilhabepaket","tag-schulsozialarbeit","quellen-mdl-sonja-bongers","quellen-mdl-stefan-zimkeit"],"_links":{"self":[{"href":"https:\/\/meier-gerdingh.de\/wp-spd-ob\/wp-json\/wp\/v2\/posts\/4612","targetHints":{"allow":["GET"]}}],"collection":[{"href":"https:\/\/meier-gerdingh.de\/wp-spd-ob\/wp-json\/wp\/v2\/posts"}],"about":[{"href":"https:\/\/meier-gerdingh.de\/wp-spd-ob\/wp-json\/wp\/v2\/types\/post"}],"author":[{"embeddable":true,"href":"https:\/\/meier-gerdingh.de\/wp-spd-ob\/wp-json\/wp\/v2\/users\/1"}],"replies":[{"embeddable":true,"href":"https:\/\/meier-gerdingh.de\/wp-spd-ob\/wp-json\/wp\/v2\/comments?post=4612"}],"version-history":[{"count":0,"href":"https:\/\/meier-gerdingh.de\/wp-spd-ob\/wp-json\/wp\/v2\/posts\/4612\/revisions"}],"wp:attachment":[{"href":"https:\/\/meier-gerdingh.de\/wp-spd-ob\/wp-json\/wp\/v2\/media?parent=4612"}],"wp:term":[{"taxonomy":"category","embeddable":true,"href":"https:\/\/meier-gerdingh.de\/wp-spd-ob\/wp-json\/wp\/v2\/categories?post=4612"},{"taxonomy":"post_tag","embeddable":true,"href":"https:\/\/meier-gerdingh.de\/wp-spd-ob\/wp-json\/wp\/v2\/tags?post=4612"},{"taxonomy":"quellen","embeddable":true,"href":"https:\/\/meier-gerdingh.de\/wp-spd-ob\/wp-json\/wp\/v2\/quellen?post=4612"}],"curies":[{"name":"wp","href":"https:\/\/api.w.org\/{rel}","templated":true}]}}