{"id":4613,"date":"2017-10-13T18:20:20","date_gmt":"2017-10-13T16:20:20","guid":{"rendered":"http:\/\/meier-gerdingh.de\/wp-spd-ob\/?p=4613"},"modified":"2017-10-15T12:42:16","modified_gmt":"2017-10-15T10:42:16","slug":"stadtverordneter-scheffler-beklagt-desolaten-zustand-der-forststrasse","status":"publish","type":"post","link":"https:\/\/meier-gerdingh.de\/wp-spd-ob\/2017\/10\/13\/stadtverordneter-scheffler-beklagt-desolaten-zustand-der-forststrasse\/","title":{"rendered":"Stadtverordneter Scheffler beklagt desolaten Zustand der Forststra\u00dfe"},"content":{"rendered":"<div id=\"attachment_1597\" style=\"width: 150px\" class=\"wp-caption alignleft\"><a href=\"http:\/\/meier-gerdingh.de\/wp-spd-ob\/wp-content\/uploads\/scheffler_stefan_09.jpg\"><img aria-describedby=\"caption-attachment-1597\" decoding=\"async\" class=\"size-full wp-image-1597\" src=\"http:\/\/meier-gerdingh.de\/wp-spd-ob\/wp-content\/uploads\/scheffler_stefan_09.jpg\" alt=\"\" width=\"140\" height=\"169\" \/><\/a><p id=\"caption-attachment-1597\" class=\"wp-caption-text\">Stefan Scheffler ist Mitglied des Rates f\u00fcr Schmachtendorf<\/p><\/div>\n<p>In einer Kleinen Anfrage an Oberb\u00fcrgermeister Schranz beklagt der SPD-Stadtverordnete Stefan Scheffler den desolaten Zustand der <a href=\"https:\/\/www.google.de\/maps\/place\/Forststra\u00dfe+91,+46147+Oberhausen\/\" rel=\"noopener\" target=\"_blank\">Forststra\u00dfe<\/a> zwischen dem evangelischen Gemeindezentrum Schmachtendorf und der H\u00fchnerstra\u00dfe. Auch der Parkplatz auf der gegen\u00fcberliegenden Seite des Eingangs zur Kleingartenanlage Sterkrade-Nord sei in einem sehr schlechten Zustand, so Scheffler.<!--more--><\/p>\n<p>Vor diesem Hintergrund fragt der Stadtverordnete, wann ein Ausbau, beziehungsweise eine Erschlie\u00dfung dieses Stra\u00dfenabschnittes geplant ist. Au\u00dferdem fragt Stefan Scheffler die Verwaltung, ob im Rahmen dieses Ausbaus der marode Parkplatz ebenfalls erneuert werden kann und zudem, welche Kosten f\u00fcr diese Ma\u00dfnahme zu erwarten sind.<\/p>\n","protected":false},"excerpt":{"rendered":"<p>In einer Kleinen Anfrage an Oberb\u00fcrgermeister Schranz beklagt der SPD-Stadtverordnete Stefan Scheffler den desolaten Zustand der Forststra\u00dfe zwischen dem evangelischen Gemeindezentrum Schmachtendorf und der H\u00fchnerstra\u00dfe. Auch der Parkplatz auf der&hellip; <\/p>\n","protected":false},"author":1,"featured_media":0,"comment_status":"closed","ping_status":"closed","sticky":false,"template":"","format":"standard","meta":{"footnotes":""},"categories":[27,167],"tags":[135,91,1136],"quellen":[326],"class_list":["post-4613","post","type-post","status-publish","format-standard","hentry","category-planen-bauen-wohnen-verkehr","category-stadtteile","tag-kleine-anfrage","tag-schmachtendorf","tag-strassensanierung","quellen-spd-fraktion-oberhausen"],"_links":{"self":[{"href":"https:\/\/meier-gerdingh.de\/wp-spd-ob\/wp-json\/wp\/v2\/posts\/4613","targetHints":{"allow":["GET"]}}],"collection":[{"href":"https:\/\/meier-gerdingh.de\/wp-spd-ob\/wp-json\/wp\/v2\/posts"}],"about":[{"href":"https:\/\/meier-gerdingh.de\/wp-spd-ob\/wp-json\/wp\/v2\/types\/post"}],"author":[{"embeddable":true,"href":"https:\/\/meier-gerdingh.de\/wp-spd-ob\/wp-json\/wp\/v2\/users\/1"}],"replies":[{"embeddable":true,"href":"https:\/\/meier-gerdingh.de\/wp-spd-ob\/wp-json\/wp\/v2\/comments?post=4613"}],"version-history":[{"count":0,"href":"https:\/\/meier-gerdingh.de\/wp-spd-ob\/wp-json\/wp\/v2\/posts\/4613\/revisions"}],"wp:attachment":[{"href":"https:\/\/meier-gerdingh.de\/wp-spd-ob\/wp-json\/wp\/v2\/media?parent=4613"}],"wp:term":[{"taxonomy":"category","embeddable":true,"href":"https:\/\/meier-gerdingh.de\/wp-spd-ob\/wp-json\/wp\/v2\/categories?post=4613"},{"taxonomy":"post_tag","embeddable":true,"href":"https:\/\/meier-gerdingh.de\/wp-spd-ob\/wp-json\/wp\/v2\/tags?post=4613"},{"taxonomy":"quellen","embeddable":true,"href":"https:\/\/meier-gerdingh.de\/wp-spd-ob\/wp-json\/wp\/v2\/quellen?post=4613"}],"curies":[{"name":"wp","href":"https:\/\/api.w.org\/{rel}","templated":true}]}}