{"id":4620,"date":"2017-10-20T19:17:41","date_gmt":"2017-10-20T17:17:41","guid":{"rendered":"http:\/\/meier-gerdingh.de\/wp-spd-ob\/?p=4620"},"modified":"2017-10-20T19:17:41","modified_gmt":"2017-10-20T17:17:41","slug":"spd-begruesst-neuorganisation-der-jugendarbeit-in-koenigshardt","status":"publish","type":"post","link":"https:\/\/meier-gerdingh.de\/wp-spd-ob\/2017\/10\/20\/spd-begruesst-neuorganisation-der-jugendarbeit-in-koenigshardt\/","title":{"rendered":"SPD begr\u00fc\u00dft Neuorganisation der Jugendarbeit in K\u00f6nigshardt"},"content":{"rendered":"<div id=\"attachment_1583\" style=\"width: 150px\" class=\"wp-caption alignleft\"><a href=\"http:\/\/meier-gerdingh.de\/wp-spd-ob\/wp-content\/uploads\/real_ulrich_09.jpg\"><img aria-describedby=\"caption-attachment-1583\" decoding=\"async\" class=\"size-full wp-image-1583\" src=\"http:\/\/meier-gerdingh.de\/wp-spd-ob\/wp-content\/uploads\/real_ulrich_09.jpg\" alt=\"\" width=\"140\" height=\"169\" \/><\/a><p id=\"caption-attachment-1583\" class=\"wp-caption-text\">Ulrich Real ist Bezirksb\u00fcrgermeister von Sterkrade und jugendpolitischer Sprecher der SPD-Ratsfraktion<\/p><\/div>\n<p>Auf breite Zustimmung ist nun in der Sitzung des Jugendhilfeausschusses die Vorlage zum Standort der Jugendarbeit in K\u00f6nigshardt gesto\u00dfen. Der Verwaltung ist es gelungen, f\u00fcr die Jugendarbeit im Stadtteil einen Standort in den R\u00e4umen der katholischen Kirchengemeinde Sankt Barbara zu finden. Hintergrund der Vorlage ist der im Jahr 2015 beschlossene Kinder- und Jugendf\u00f6rderplan der Stadt Oberhausen. Demnach soll es im Bereich Walsumer Mark und K\u00f6nigshardt ein station\u00e4res und ein aufsuchendes Angebot im Bereich der Jugendarbeit geben.<!--more--><\/p>\n<p>Mit den Umstrukturierungsma\u00dfnahmen in der evangelischen Kirchengemeinde K\u00f6nigshardt \/ Schmachtendorf standen deren R\u00e4umlichkeiten im Gemeindezentrum am Buchenweg nicht zur Verf\u00fcgung. Geblieben ist die evangelische Kirchengemeinde als Tr\u00e4ger, aber ohne R\u00e4ume in K\u00f6nigshardt.<\/p>\n<p>&#8222;Unter diesen Voraussetzungen ist eine sehr gute L\u00f6sung f\u00fcr K\u00f6nigshardt gelungen&#8220;, erkl\u00e4rt Ulrich Real, Sprecher der SPD im Jugendhilfeausschuss. Auch als Stadtverordneter f\u00fcr den Bereich K\u00f6nigshardt kann er diese L\u00f6sung nur begr\u00fc\u00dfen. &#8222;Dass die evangelische Kirche Tr\u00e4ger ist und die katholische Kirche ihre R\u00e4ume zur Verf\u00fcgung stellt, ist ein gutes \u00f6kumenisches Zeichen im Lutherjahr&#8220;, erg\u00e4nzt Ulrich Real.<\/p>\n<p>Das Angebot f\u00fcr die Jugendlichen besteht aus einem station\u00e4ren Teil mit \u00d6ffnungszeiten im Gemeindezentrum Sankt Barbara und einem aufsuchenden Element. Dabei werden die informellen Treffpunkte der Jugend von einer Streetworkerin vor Ort aufgesucht.<\/p>\n","protected":false},"excerpt":{"rendered":"<p>Auf breite Zustimmung ist nun in der Sitzung des Jugendhilfeausschusses die Vorlage zum Standort der Jugendarbeit in K\u00f6nigshardt gesto\u00dfen. Der Verwaltung ist es gelungen, f\u00fcr die Jugendarbeit im Stadtteil einen&hellip; <\/p>\n","protected":false},"author":1,"featured_media":0,"comment_status":"closed","ping_status":"closed","sticky":false,"template":"","format":"standard","meta":{"footnotes":""},"categories":[179,167],"tags":[1059,1310,868],"quellen":[326],"class_list":["post-4620","post","type-post","status-publish","format-standard","hentry","category-kinder-und-jugendliche","category-stadtteile","tag-jugendarbeit","tag-jugendhilfeausschuss","tag-koenigshardt","quellen-spd-fraktion-oberhausen"],"_links":{"self":[{"href":"https:\/\/meier-gerdingh.de\/wp-spd-ob\/wp-json\/wp\/v2\/posts\/4620","targetHints":{"allow":["GET"]}}],"collection":[{"href":"https:\/\/meier-gerdingh.de\/wp-spd-ob\/wp-json\/wp\/v2\/posts"}],"about":[{"href":"https:\/\/meier-gerdingh.de\/wp-spd-ob\/wp-json\/wp\/v2\/types\/post"}],"author":[{"embeddable":true,"href":"https:\/\/meier-gerdingh.de\/wp-spd-ob\/wp-json\/wp\/v2\/users\/1"}],"replies":[{"embeddable":true,"href":"https:\/\/meier-gerdingh.de\/wp-spd-ob\/wp-json\/wp\/v2\/comments?post=4620"}],"version-history":[{"count":0,"href":"https:\/\/meier-gerdingh.de\/wp-spd-ob\/wp-json\/wp\/v2\/posts\/4620\/revisions"}],"wp:attachment":[{"href":"https:\/\/meier-gerdingh.de\/wp-spd-ob\/wp-json\/wp\/v2\/media?parent=4620"}],"wp:term":[{"taxonomy":"category","embeddable":true,"href":"https:\/\/meier-gerdingh.de\/wp-spd-ob\/wp-json\/wp\/v2\/categories?post=4620"},{"taxonomy":"post_tag","embeddable":true,"href":"https:\/\/meier-gerdingh.de\/wp-spd-ob\/wp-json\/wp\/v2\/tags?post=4620"},{"taxonomy":"quellen","embeddable":true,"href":"https:\/\/meier-gerdingh.de\/wp-spd-ob\/wp-json\/wp\/v2\/quellen?post=4620"}],"curies":[{"name":"wp","href":"https:\/\/api.w.org\/{rel}","templated":true}]}}