{"id":4627,"date":"2017-11-06T10:35:44","date_gmt":"2017-11-06T09:35:44","guid":{"rendered":"http:\/\/meier-gerdingh.de\/wp-spd-ob\/?p=4627"},"modified":"2017-11-07T10:39:44","modified_gmt":"2017-11-07T09:39:44","slug":"keine-parkgebuehren-in-osterfeld","status":"publish","type":"post","link":"https:\/\/meier-gerdingh.de\/wp-spd-ob\/2017\/11\/06\/keine-parkgebuehren-in-osterfeld\/","title":{"rendered":"Keine Parkgeb\u00fchren in Osterfeld"},"content":{"rendered":"<p>&#8222;Parkgeb\u00fchren sind in Osterfeld \u00fcberfl\u00fcssig und w\u00e4ren sch\u00e4dlich f\u00fcr die Innenstadt&#8220;, so Thorsten Kamps, Vorsitzender des SPD-Ortsvereins Osterfeld. Der Ortsverein lehnt eine erneute externe Untersuchung der Parksituation ab und unterst\u00fctzt das vorliegende Parkraumbewirtschaftungskonzept.<\/p>\n<p>&#8222;Zwar stand w\u00e4hrend der ersten Parkraumuntersuchung der Marktplatz zum Parken nicht zur Verf\u00fcgung, trotzdem wissen wir, dass in Osterfeld au\u00dferhalb der Markttage genug Parkraum zur Verf\u00fcgung steht&#8220;, so Kamps. &#8222;Es w\u00e4re Steuergeldverschwendung, eine weitere externe Analyse in Auftrag zu geben&#8220;, daher lehnt er einen Vorschlag ab, der im Rahmen einer B\u00fcrgerversammlung ge\u00e4u\u00dfert wurde.<!--more--><\/p>\n<p>Die SPD fordert, die Parkzeiten in den Zonen mit Parkscheiben generell auf zwei Stunden zu verl\u00e4ngern. &#8222;Uns haben viele Hinweise erreicht, dass eine Stunde f\u00fcr einen Arzttermin oder f\u00fcr den Besuch des Bistros Jedermann zu kurz sind&#8220;, sagt die stellvertretende Vorsitzende des Ortsvereins Helga Grothe.<\/p>\n<p>Gleichzeitig ist die SPD bereit, in bestimmten Teilbereichen auch k\u00fcrzere Parkzeiten festzulegen, wenn Gesch\u00e4ftsinhaber dies w\u00fcnschen. &#8222;Hier muss es einen Dialog mit den Gewerbetreibenden geben. Wenn diese eine k\u00fcrzere Parkdauer w\u00fcnschen, weil ihre Kunden k\u00fcrzer vor Ort sind, kann dies aus unserer Sicht umgesetzt werden&#8220;, so Grothe.<\/p>\n<p>Neben l\u00e4ngeren Parkzeiten und dem Verzicht auf Parkgeb\u00fchren fordert die Osterfelder SPD, dass der Markt attraktiver gestaltet wird. &#8222;Die laufenden Gespr\u00e4che zur Marktkonzeption m\u00fcssen endlich zu Ergebnissen f\u00fchren&#8220;, fordert Thorsten Kamps und dr\u00e4ngt auf schnelles Handeln.<\/p>\n","protected":false},"excerpt":{"rendered":"<p>&#8222;Parkgeb\u00fchren sind in Osterfeld \u00fcberfl\u00fcssig und w\u00e4ren sch\u00e4dlich f\u00fcr die Innenstadt&#8220;, so Thorsten Kamps, Vorsitzender des SPD-Ortsvereins Osterfeld. Der Ortsverein lehnt eine erneute externe Untersuchung der Parksituation ab und unterst\u00fctzt&hellip; <\/p>\n","protected":false},"author":1,"featured_media":0,"comment_status":"closed","ping_status":"closed","sticky":false,"template":"","format":"standard","meta":{"footnotes":""},"categories":[27,167],"tags":[41,1387,92,940,1385,1386],"quellen":[339],"class_list":["post-4627","post","type-post","status-publish","format-standard","hentry","category-planen-bauen-wohnen-verkehr","category-stadtteile","tag-osterfeld","tag-osterfelder-markt","tag-parken","tag-parkgebuehren","tag-parkraumbewirtschaftungskonzept","tag-parkzeiten","quellen-ov-osterfeld"],"_links":{"self":[{"href":"https:\/\/meier-gerdingh.de\/wp-spd-ob\/wp-json\/wp\/v2\/posts\/4627","targetHints":{"allow":["GET"]}}],"collection":[{"href":"https:\/\/meier-gerdingh.de\/wp-spd-ob\/wp-json\/wp\/v2\/posts"}],"about":[{"href":"https:\/\/meier-gerdingh.de\/wp-spd-ob\/wp-json\/wp\/v2\/types\/post"}],"author":[{"embeddable":true,"href":"https:\/\/meier-gerdingh.de\/wp-spd-ob\/wp-json\/wp\/v2\/users\/1"}],"replies":[{"embeddable":true,"href":"https:\/\/meier-gerdingh.de\/wp-spd-ob\/wp-json\/wp\/v2\/comments?post=4627"}],"version-history":[{"count":0,"href":"https:\/\/meier-gerdingh.de\/wp-spd-ob\/wp-json\/wp\/v2\/posts\/4627\/revisions"}],"wp:attachment":[{"href":"https:\/\/meier-gerdingh.de\/wp-spd-ob\/wp-json\/wp\/v2\/media?parent=4627"}],"wp:term":[{"taxonomy":"category","embeddable":true,"href":"https:\/\/meier-gerdingh.de\/wp-spd-ob\/wp-json\/wp\/v2\/categories?post=4627"},{"taxonomy":"post_tag","embeddable":true,"href":"https:\/\/meier-gerdingh.de\/wp-spd-ob\/wp-json\/wp\/v2\/tags?post=4627"},{"taxonomy":"quellen","embeddable":true,"href":"https:\/\/meier-gerdingh.de\/wp-spd-ob\/wp-json\/wp\/v2\/quellen?post=4627"}],"curies":[{"name":"wp","href":"https:\/\/api.w.org\/{rel}","templated":true}]}}