{"id":464,"date":"2005-09-05T16:00:00","date_gmt":"2005-09-05T14:00:00","guid":{"rendered":"http:\/\/www.meier-gerdingh.de\/spd-oberhausen\/wp\/?p=464"},"modified":"2017-05-14T10:42:48","modified_gmt":"2017-05-14T08:42:48","slug":"beste-bildungschancen-fuer-alle-garantieren","status":"publish","type":"post","link":"https:\/\/meier-gerdingh.de\/wp-spd-ob\/2005\/09\/05\/beste-bildungschancen-fuer-alle-garantieren\/","title":{"rendered":"Beste Bildungschancen f\u00fcr alle garantieren"},"content":{"rendered":"<p><a href=\"http:\/\/meier-gerdingh.de\/wp-spd-ob\/wp-content\/uploads\/plakat_studiengebuehren.jpg\"><img decoding=\"async\" class=\"size-full alignleft\" src=\"http:\/\/meier-gerdingh.de\/wp-spd-ob\/wp-content\/uploads\/plakat_studiengebuehren.jpg\" alt=\"\" width=\"160\" height=\"209\" \/><\/a>Am 18. September gibt es eine Entscheidungswahl, auch \u00fcber die Frage der zuk\u00fcnftigen Bildungspolitik. Die SPD, so der Oberhausener Bundestagsabgeordnete Wolfgang Grotthaus, steht f\u00fcr eine Politik die es jedem jungen Menschen, unabh\u00e4ngig von der sozialen Herkunft, erm\u00f6glicht, Zugang zu guten Bildungschancen zu erhalten.<!--more--><\/p>\n<p>Dabei muss Bildung von klein auf beginnen. Mit dem Tagesbetreuungsausbaugesetz, das die SPD-gef\u00fchrte Bundesregierung auf den Weg gebracht hat, stehen bis 2010 rund 230.000 zus\u00e4tzliche Pl\u00e4tze in Kinderg\u00e4rten, Krippen oder in der Tagespflege zur Verf\u00fcgung.<\/p>\n<p>Mit dem Ganztagsschulprogramm stehen den L\u00e4nder bis 2008 rund 4 Milliarden Euro Bundesmittel bereit f\u00fcr die Einrichtung von 10.000 zus\u00e4tzlichen Ganztagsschulen, in denen die Kinder ebenfalls besser als bislang gef\u00f6rdert werden k\u00f6nnen.<\/p>\n<p>Die SPD steht zum offenen Hochschulzugang, der auch Kindern aus bildungsferneren Schichten ein Studium erm\u00f6glicht und daf\u00fcr, dass f\u00fcr das Erststudium keine Studiengeb\u00fchren erhoben werden d\u00fcrfen.<\/p>\n<p>Das Baf\u00f6G bleibt und wird nicht in ein Volldarlehen umgewandelt.<\/p>\n<p>Im Wahlprogramm der CDU bleibt Bildungspolitik eine Leerstelle. Klar ist auch hier, der Erfolg gibt der SPD-gef\u00fchrten Bundesregierung und ihrer Bildungspolitik recht: Seit 1998 ist die Zahl der Baf\u00f6G-Gef\u00f6rderten um 50% gestiegen, die Studienanf\u00e4ngerquote stieg parallel um fast 10 Prozent.<\/p>\n","protected":false},"excerpt":{"rendered":"<p>Am 18. September gibt es eine Entscheidungswahl, auch \u00fcber die Frage der zuk\u00fcnftigen Bildungspolitik. Die SPD, so der Oberhausener Bundestagsabgeordnete Wolfgang Grotthaus, steht f\u00fcr eine Politik die es jedem jungen&hellip; <\/p>\n","protected":false},"author":1,"featured_media":0,"comment_status":"closed","ping_status":"closed","sticky":false,"template":"","format":"standard","meta":{"footnotes":""},"categories":[1],"tags":[],"quellen":[],"class_list":["post-464","post","type-post","status-publish","format-standard","hentry","category-allgemein"],"_links":{"self":[{"href":"https:\/\/meier-gerdingh.de\/wp-spd-ob\/wp-json\/wp\/v2\/posts\/464","targetHints":{"allow":["GET"]}}],"collection":[{"href":"https:\/\/meier-gerdingh.de\/wp-spd-ob\/wp-json\/wp\/v2\/posts"}],"about":[{"href":"https:\/\/meier-gerdingh.de\/wp-spd-ob\/wp-json\/wp\/v2\/types\/post"}],"author":[{"embeddable":true,"href":"https:\/\/meier-gerdingh.de\/wp-spd-ob\/wp-json\/wp\/v2\/users\/1"}],"replies":[{"embeddable":true,"href":"https:\/\/meier-gerdingh.de\/wp-spd-ob\/wp-json\/wp\/v2\/comments?post=464"}],"version-history":[{"count":0,"href":"https:\/\/meier-gerdingh.de\/wp-spd-ob\/wp-json\/wp\/v2\/posts\/464\/revisions"}],"wp:attachment":[{"href":"https:\/\/meier-gerdingh.de\/wp-spd-ob\/wp-json\/wp\/v2\/media?parent=464"}],"wp:term":[{"taxonomy":"category","embeddable":true,"href":"https:\/\/meier-gerdingh.de\/wp-spd-ob\/wp-json\/wp\/v2\/categories?post=464"},{"taxonomy":"post_tag","embeddable":true,"href":"https:\/\/meier-gerdingh.de\/wp-spd-ob\/wp-json\/wp\/v2\/tags?post=464"},{"taxonomy":"quellen","embeddable":true,"href":"https:\/\/meier-gerdingh.de\/wp-spd-ob\/wp-json\/wp\/v2\/quellen?post=464"}],"curies":[{"name":"wp","href":"https:\/\/api.w.org\/{rel}","templated":true}]}}