{"id":467,"date":"2005-09-16T16:00:00","date_gmt":"2005-09-16T14:00:00","guid":{"rendered":"http:\/\/www.meier-gerdingh.de\/spd-oberhausen\/wp\/?p=467"},"modified":"2017-05-14T10:41:30","modified_gmt":"2017-05-14T08:41:30","slug":"spd-macht-kinderpolitik-mit-herz-und-verstand","status":"publish","type":"post","link":"https:\/\/meier-gerdingh.de\/wp-spd-ob\/2005\/09\/16\/spd-macht-kinderpolitik-mit-herz-und-verstand\/","title":{"rendered":"SPD macht Kinderpolitik mit Herz und Verstand"},"content":{"rendered":"<div style=\"width: 150px\" class=\"wp-caption alignleft\"><a href=\"http:\/\/meier-gerdingh.de\/wp-spd-ob\/wp-content\/uploads\/grotthaus_05.jpg\"><img decoding=\"async\" class=\"size-full\" src=\"http:\/\/meier-gerdingh.de\/wp-spd-ob\/wp-content\/uploads\/grotthaus_05.jpg\" alt=\"Wolfgang Grotthaus: F\u00fcr Oberhausen im Bundestag\" width=\"140\" height=\"176\" \/><\/a><p class=\"wp-caption-text\">Wolfgang Grotthaus: F\u00fcr Oberhausen im Bundestag<\/p><\/div>\n<p>Anl\u00e4sslich des Weltkindertages am 20. September 2005 erkl\u00e4rt MdB Wolfgang Grotthaus: &#8222;Wir wollen, dass Deutschland zu einem der kinder- und familienfreundlichsten L\u00e4nder Europas wird. Nachhaltige Politik f\u00fcr Kinder und Familien kann man nur verwirklichen, indem man nicht ausschlie\u00dflich auf ein Instrument, sondern auf einen Mix aus Infrastruktur, Zeit und Geld setzt.&#8220;<!--more--><\/p>\n<p>Moderne Familienpolitik hei\u00dft f\u00fcr die SPD und f\u00fcr mich, die Vereinbarkeit von Familie und Beruf zu erm\u00f6glichen, die gezielte, materielle F\u00f6rderung von Familien und eine fr\u00fche F\u00f6rderung der Kinder zu gew\u00e4hrleisten.<\/p>\n<p>Hier haben wir bereits viel erreicht &#8211; deshalb entscheidet die Wahl am Sonntag auch \u00fcber die Fortf\u00fchrung einer solchen Poltik, argumentiert Grotthaus und f\u00fchrt weiter aus:<\/p>\n<p>&#8222;Wir haben den Ausbau der Kinderbetreuung sichtbar vorangebracht. Wir haben mit dem am 1. Januar dieses Jahres in Kraft getretenen Tagesbetreuungsausbaugesetz den Startschuss f\u00fcr den Ausbau von 230.000 zus\u00e4tzlichen Kinderbetreuungspl\u00e4tzen f\u00fcr unter Dreij\u00e4hrige gegeben. In der n\u00e4chsten Legislaturperiode werden wir daran nahtlos ankn\u00fcpfen. Denn 2008 wollen wir den Rechtsanspruch auf einen Ganztags-Kindergartenplatz f\u00fcr Kinder ab zwei Jahren gesetzlich regeln.&#8220;<\/p>\n<p>Auch Ganztagsschulen sorgen f\u00fcr bessere Bildungschancen. &#8222;Deshalb haben wir das Investitionsprogramm &amp;039;Zukunft Bildung und Betreuung&amp;039; aufgelegt, mit dem wir den L\u00e4ndern beim Auf- und Ausbau eines bedarfsgerechten Angebots von Ganztagsschulen helfen.&#8220;, so Grotthaus. Bis zum Jahr 2007 investiere der Bund hierf\u00fcr vier Milliarden Euro.<\/p>\n<p>Parallel dazu wird die SPD das bisherige Erziehungsgeld in ein f\u00fcr ein Jahr gezahltes Elterngeld mit Einkommensersatzfunktion umwandeln: &#8222;Zusammen mit den besseren Betreuungsm\u00f6glichkeiten f\u00fcr unter Dreij\u00e4hrige helfen wir damit insbesondere allein Erziehenden. Mit diesem Mix werden wir f\u00fcr viele von ihnen ein Abrutschen in die Grundsicherung f\u00fcr Arbeitssuchende vermeiden.&#8220;<\/p>\n<p>Alle Familien werden mit mehr Kinderbetreuungspl\u00e4tzen, mehr Ganztagsschulen und einem Elterngeld nach skandinavischem Vorbild Familie und Beruf besser miteinander vereinbaren k\u00f6nnen. Erwerbsarbeit ist der beste Schutz vor Familien- und Kinderarmut.<\/p>\n<p>Mit Angela Merkel droht die Rolle r\u00fcckw\u00e4rts in der Familienpolitik. Mit der Ank\u00fcndigung, Eltern einen Rentenzuschuss zu gew\u00e4hren, setzt die Union weiter aufs falsche Pferd. Sie stellt damit einseitig finanzielle Leistungen in Aussicht, wo Kinderbetreuung, Ganztagsschulen und mehr Zeit f\u00fcr Familien gefragt sind.<\/p>\n<p>Von dem Rentenzuschlag profitiert nur, wer einen Job hat. Wer wegen fehlender Kinderbetreuung zu Hause bleiben muss, geht leer aus. Diese verfehlte Kinder- und Familienpolitik hat Deutschland schon unter Helmut Kohl in die Sackgasse gef\u00fchrt. In Sachen Kinderbetreuung und Ganztagsschulen ist Deutschland europaweit wegen der Vers\u00e4umnisse von CDU\/CSU Schlusslicht. Schlechte Bildungschancen und fehlende M\u00f6glichkeiten der Vereinbarkeit von Familie und Beruf sind das gr\u00f6\u00dfte Armutsrisiko.<\/p>\n<p>Mit Merkel, Kirchhof und von der Leyen geraten Kinder und Familien ins Abseits.<\/p>\n","protected":false},"excerpt":{"rendered":"<p>Anl\u00e4sslich des Weltkindertages am 20. September 2005 erkl\u00e4rt MdB Wolfgang Grotthaus: &#8222;Wir wollen, dass Deutschland zu einem der kinder- und familienfreundlichsten L\u00e4nder Europas wird. Nachhaltige Politik f\u00fcr Kinder und Familien&hellip; <\/p>\n","protected":false},"author":1,"featured_media":0,"comment_status":"closed","ping_status":"closed","sticky":false,"template":"","format":"standard","meta":{"footnotes":""},"categories":[1],"tags":[],"quellen":[],"class_list":["post-467","post","type-post","status-publish","format-standard","hentry","category-allgemein"],"_links":{"self":[{"href":"https:\/\/meier-gerdingh.de\/wp-spd-ob\/wp-json\/wp\/v2\/posts\/467","targetHints":{"allow":["GET"]}}],"collection":[{"href":"https:\/\/meier-gerdingh.de\/wp-spd-ob\/wp-json\/wp\/v2\/posts"}],"about":[{"href":"https:\/\/meier-gerdingh.de\/wp-spd-ob\/wp-json\/wp\/v2\/types\/post"}],"author":[{"embeddable":true,"href":"https:\/\/meier-gerdingh.de\/wp-spd-ob\/wp-json\/wp\/v2\/users\/1"}],"replies":[{"embeddable":true,"href":"https:\/\/meier-gerdingh.de\/wp-spd-ob\/wp-json\/wp\/v2\/comments?post=467"}],"version-history":[{"count":0,"href":"https:\/\/meier-gerdingh.de\/wp-spd-ob\/wp-json\/wp\/v2\/posts\/467\/revisions"}],"wp:attachment":[{"href":"https:\/\/meier-gerdingh.de\/wp-spd-ob\/wp-json\/wp\/v2\/media?parent=467"}],"wp:term":[{"taxonomy":"category","embeddable":true,"href":"https:\/\/meier-gerdingh.de\/wp-spd-ob\/wp-json\/wp\/v2\/categories?post=467"},{"taxonomy":"post_tag","embeddable":true,"href":"https:\/\/meier-gerdingh.de\/wp-spd-ob\/wp-json\/wp\/v2\/tags?post=467"},{"taxonomy":"quellen","embeddable":true,"href":"https:\/\/meier-gerdingh.de\/wp-spd-ob\/wp-json\/wp\/v2\/quellen?post=467"}],"curies":[{"name":"wp","href":"https:\/\/api.w.org\/{rel}","templated":true}]}}