{"id":469,"date":"2005-09-27T16:00:00","date_gmt":"2005-09-27T14:00:00","guid":{"rendered":"http:\/\/www.meier-gerdingh.de\/spd-oberhausen\/wp\/?p=469"},"modified":"2017-05-14T10:40:55","modified_gmt":"2017-05-14T08:40:55","slug":"spd-fraktion-vertagt-entscheidung","status":"publish","type":"post","link":"https:\/\/meier-gerdingh.de\/wp-spd-ob\/2005\/09\/27\/spd-fraktion-vertagt-entscheidung\/","title":{"rendered":"SPD-Fraktion vertagt Entscheidung"},"content":{"rendered":"<div style=\"width: 150px\" class=\"wp-caption alignleft\"><a href=\"http:\/\/meier-gerdingh.de\/wp-spd-ob\/wp-content\/uploads\/grosse_broemer_wolfgang.jpg\"><img decoding=\"async\" class=\"size-full\" src=\"http:\/\/meier-gerdingh.de\/wp-spd-ob\/wp-content\/uploads\/grosse_broemer_wolfgang.jpg\" alt=\"Wolfgang Gro\u00dfe Br\u00f6mer ist Chef der Oberhausener SPD-Fraktion und Mitglied des Landtags von NRW\" width=\"140\" height=\"191\" \/><\/a><p class=\"wp-caption-text\">Wolfgang Gro\u00dfe Br\u00f6mer ist Chef der Oberhausener SPD-Fraktion und Mitglied des Landtags von NRW<\/p><\/div>\n<p>Die Entscheidung, welche Ver\u00e4nderungen es bei den 5 st\u00e4dtischen Friedh\u00f6fen geben wird, soll nicht wie durch die Verwaltung der Stadt vorgeschlagen bereits im Oktober getroffen werden. Dies ist ein wichtiges Ergebnis der gestrigen Sitzung der SPD-Fraktion, bei der erstmals Gelegenheit zur Diskussion des Friedhofsbedarfsplanes auf Basis einer konkreten Verwaltungsvorlage bestand. &#8222;In der Diskussion wurde deutlich,&#8220; so der Fraktionsvorsitzende Wolfgang Gro\u00dfe Br\u00f6mer, &#8222;dass zum Friedhofsbedarfsplan 2005 &#8211; 2015, mit dem die zust\u00e4ndige Verwaltung die Schlie\u00dfung von 4 kommunalen Friedh\u00f6fen begr\u00fcndet und vorschl\u00e4gt, noch viele Fragen bestehen und auf dieser Grundlage eine fundierte Entscheidung nicht m\u00f6glich ist.&#8220;<!--more--><\/p>\n<p>Deshalb soll der anstehende Entscheidungsprozess aufgeteilt werden: In einer im bisherigen Zeitplan terminierten ersten Lesung soll zun\u00e4chst die Verwaltung die Gelegenheit haben, ihre Vorstellungen darzulegen und zu begr\u00fcnden, bevor in einem weiteren Beratungsgang, voraussichtlich im November, eine Entscheidung zu treffen ist.<\/p>\n<p>Besonders im Fokus haben die Sozialdemokraten dabei, dass vor einer sogenannten kompletten &#8222;Ruhendstellung&#8220; ganzer Friedh\u00f6fe noch eine erhebliche Bandbreite von M\u00f6glichkeiten besteht, Kosten zu senken und damit Friedhofsgeb\u00fchren zu reduzieren. &#8222;Meine Fraktion,&#8220; so Wolfgang Gro\u00dfe Br\u00f6mer weiter, &#8222;sieht die Notwendigkeit, \u00fcber die Zukunft der Friedh\u00f6fe und \u00fcber konkrete Auswirkungen einzelner Alternativen zur Reduzierung der Friedhofsgeb\u00fchren in einem Zug zu diskutieren.&#8220; Das bedeutet ganz konkret, dass im Einklang mit der zum Jahresende vorgesehenen Neuausrichtung der Beziehungen zwischen der Stadt Oberhausen und der Wirtschaftsbetriebe Oberhausen auch das Thema &#8222;Zukunft der Friedhofslandschaft&#8220; abzuarbeiten ist.<\/p>\n<p>Eklatante Beispiele f\u00fcr noch aufzuarbeitende Aspekte sehen die Sozialdemokraten bei der Darstellung von Auswirkungen der vorgeschlagenen \u00dcberf\u00fchrung von ehemaligen Friedhofsfl\u00e4chen in die allgemeine Park- und Gr\u00fcnfl\u00e4chenunterhaltung, bei der Alternativnutzung m\u00f6glicherweise nicht mehr ben\u00f6tigter Fl\u00e4chen oder bei der Zukunft von dann nicht mehr ben\u00f6tigten Kapellen und Leichenzellen.<\/p>\n<p>Um den nunmehr vorgesehenen zweiten Beratungsgang auf eine gesichertere Grundlage zu stellen, hat die SPD-Fraktion in ihrer gestrigen Sitzung weiterhin beschlossen, hierf\u00fcr eigens eine Arbeitsgruppe einzurichten, die f\u00fcr die notwendige Erg\u00e4nzung der bereits vorliegenden Verwaltungsvorlage einen Fragenkatalog erarbeiten wird. Neben der zust\u00e4ndigen Arbeitskreisleiterin Anne Jan\u00dfen, die hierf\u00fcr die Federf\u00fchrung \u00fcbernehmen wird, dem Fraktionssprecher im Umweltausschuss, Dirk V\u00f6pel, und den Sprechern der Bezirksvertretungsfraktionen, Karl-Heinz Emmerich f\u00fcr Sterkrade, Frank Motschull f\u00fcr Alt-Oberhausen und Stefan Zimkeit f\u00fcr Osterfeld, sollen auch die unmittelbar zust\u00e4ndigen Stadtverordneten \u00fcber die Bezirksvertretungen an der Erarbeitung beteiligt werden.<\/p>\n","protected":false},"excerpt":{"rendered":"<p>Die Entscheidung, welche Ver\u00e4nderungen es bei den 5 st\u00e4dtischen Friedh\u00f6fen geben wird, soll nicht wie durch die Verwaltung der Stadt vorgeschlagen bereits im Oktober getroffen werden. Dies ist ein wichtiges&hellip; <\/p>\n","protected":false},"author":1,"featured_media":0,"comment_status":"closed","ping_status":"closed","sticky":false,"template":"","format":"standard","meta":{"footnotes":""},"categories":[1],"tags":[],"quellen":[],"class_list":["post-469","post","type-post","status-publish","format-standard","hentry","category-allgemein"],"_links":{"self":[{"href":"https:\/\/meier-gerdingh.de\/wp-spd-ob\/wp-json\/wp\/v2\/posts\/469","targetHints":{"allow":["GET"]}}],"collection":[{"href":"https:\/\/meier-gerdingh.de\/wp-spd-ob\/wp-json\/wp\/v2\/posts"}],"about":[{"href":"https:\/\/meier-gerdingh.de\/wp-spd-ob\/wp-json\/wp\/v2\/types\/post"}],"author":[{"embeddable":true,"href":"https:\/\/meier-gerdingh.de\/wp-spd-ob\/wp-json\/wp\/v2\/users\/1"}],"replies":[{"embeddable":true,"href":"https:\/\/meier-gerdingh.de\/wp-spd-ob\/wp-json\/wp\/v2\/comments?post=469"}],"version-history":[{"count":0,"href":"https:\/\/meier-gerdingh.de\/wp-spd-ob\/wp-json\/wp\/v2\/posts\/469\/revisions"}],"wp:attachment":[{"href":"https:\/\/meier-gerdingh.de\/wp-spd-ob\/wp-json\/wp\/v2\/media?parent=469"}],"wp:term":[{"taxonomy":"category","embeddable":true,"href":"https:\/\/meier-gerdingh.de\/wp-spd-ob\/wp-json\/wp\/v2\/categories?post=469"},{"taxonomy":"post_tag","embeddable":true,"href":"https:\/\/meier-gerdingh.de\/wp-spd-ob\/wp-json\/wp\/v2\/tags?post=469"},{"taxonomy":"quellen","embeddable":true,"href":"https:\/\/meier-gerdingh.de\/wp-spd-ob\/wp-json\/wp\/v2\/quellen?post=469"}],"curies":[{"name":"wp","href":"https:\/\/api.w.org\/{rel}","templated":true}]}}