{"id":475,"date":"2005-12-01T17:00:00","date_gmt":"2005-12-01T15:00:00","guid":{"rendered":"http:\/\/www.meier-gerdingh.de\/spd-oberhausen\/wp\/?p=475"},"modified":"2017-05-14T10:18:05","modified_gmt":"2017-05-14T08:18:05","slug":"wolfgang-grotthaus-zum-stellvertretenden-sprecher-der-ag-arbeit-und-soziales-gewaehlt","status":"publish","type":"post","link":"https:\/\/meier-gerdingh.de\/wp-spd-ob\/2005\/12\/01\/wolfgang-grotthaus-zum-stellvertretenden-sprecher-der-ag-arbeit-und-soziales-gewaehlt\/","title":{"rendered":"Wolfgang Grotthaus zum stellvertretenden Sprecher der AG Arbeit und Soziales gew\u00e4hlt"},"content":{"rendered":"<div style=\"width: 150px\" class=\"wp-caption alignleft\"><a href=\"http:\/\/meier-gerdingh.de\/wp-spd-ob\/wp-content\/uploads\/grotthaus_05.jpg\"><img decoding=\"async\" class=\"size-full\" src=\"http:\/\/meier-gerdingh.de\/wp-spd-ob\/wp-content\/uploads\/grotthaus_05.jpg\" alt=\"Wolfgang Grotthaus: F\u00fcr Oberhausen und Dinslaken im Bundestag\" width=\"140\" height=\"176\" \/><\/a><p class=\"wp-caption-text\">Wolfgang Grotthaus: F\u00fcr Oberhausen und Dinslaken im Bundestag<\/p><\/div>\n<p>Eines seiner im Wahlkampf verk\u00fcndeten Ziele hat Oberhausens Bundestagsabgeordneter Wolfgang Grotthaus mit der Wahl zum stellvertretenden Sprecher der Arbeitsgruppe Arbeit und Soziales in der SPD-Fraktion erreicht: N\u00e4mlich sich weiterhin f\u00fcr die Rechte der Arbeitnehmerinnen und Arbeitnehmer einsetzen zu wollen. Mit seiner einstimmig erfolgten Wahl kann er dies nun auch in Zukunft an exponierter Stelle tun.<!--more--><\/p>\n<p>Grotthaus war schon in der vergangenen Legislaturperiode Mitglied der Arbeitsgruppe &#8222;Wirtschaft und Arbeit&#8220;, die mit der Bildung der gro\u00dfen Koalition wieder in der Aufteilung der Ressorts neu zugeschnitten die Bereiche Arbeit und Soziales abdeckt und damit dem Ministerium Franz M\u00fcnteferings zugeordnet ist.<\/p>\n<p>Als stellvertretender Sprecher f\u00fcr Arbeit und Soziales ist Grotthaus unter anderem f\u00fcr die Themen Arbeitsschutz und Arbeitszeit sowie Tarifrecht zust\u00e4ndig.<\/p>\n<p>Das zentrale Ziel in der kommenden Legislaturperiode bleibt laut Grotthaus die Bek\u00e4mpfung der Arbeitslosigkeit. Grotthaus h\u00e4lt neben der Schaffung von Wachstum und Besch\u00e4ftigung auch die Nutzung vorhandener Potentiale f\u00fcr wichtig. Deshalb ist ein Ziel seiner Arbeit die F\u00f6rderung der Besch\u00e4ftigungschancen f\u00fcr \u00c4ltere. &#8222;Da zeigen sich bereits erste Trends und Entwicklungen, in deren Richtung wir weiter arbeiten m\u00fcssen&#8220;, f\u00fchrt Grotthaus aus.<\/p>\n<p>F\u00fcr zentral h\u00e4lt Grotthaus dabei einen Mentalit\u00e4tswandel in den Unternehmen gegen\u00fcber dem gro\u00dfen Potential \u00e4lterer Arbeitnehmerinnen und Arbeitnehmer.<\/p>\n<p>&#8222;Anstelle von gro\u00df angelegten Abfindungsprogrammen, sollte man das Know-How dieser Menschen im Wirtschaftsprozess nutzen&#8220;, formuliert Grotthaus seinen Appell.<\/p>\n<p>Selbstverst\u00e4ndlich bleiben auch die Sicherung und Gestaltung von Arbeitnehmerrechten, die Sicherung der Altersversorgung sowie die Integration von Menschen mit Behinderung in den Arbeitsprozess wichtige Themen auf der Agenda.<\/p>\n<p>Zum Sprecher der AG wurde Klaus Brandner, MdB aus G\u00fctersloh, gew\u00e4hlt. Brandner leitete die AG bereits in der vergangenen Legislaturperiode. Den zweiten Stellvertreterposten erhielt Andrea Nahles.<\/p>\n","protected":false},"excerpt":{"rendered":"<p>Eines seiner im Wahlkampf verk\u00fcndeten Ziele hat Oberhausens Bundestagsabgeordneter Wolfgang Grotthaus mit der Wahl zum stellvertretenden Sprecher der Arbeitsgruppe Arbeit und Soziales in der SPD-Fraktion erreicht: N\u00e4mlich sich weiterhin f\u00fcr&hellip; <\/p>\n","protected":false},"author":1,"featured_media":0,"comment_status":"closed","ping_status":"closed","sticky":false,"template":"","format":"standard","meta":{"footnotes":""},"categories":[1],"tags":[],"quellen":[],"class_list":["post-475","post","type-post","status-publish","format-standard","hentry","category-allgemein"],"_links":{"self":[{"href":"https:\/\/meier-gerdingh.de\/wp-spd-ob\/wp-json\/wp\/v2\/posts\/475","targetHints":{"allow":["GET"]}}],"collection":[{"href":"https:\/\/meier-gerdingh.de\/wp-spd-ob\/wp-json\/wp\/v2\/posts"}],"about":[{"href":"https:\/\/meier-gerdingh.de\/wp-spd-ob\/wp-json\/wp\/v2\/types\/post"}],"author":[{"embeddable":true,"href":"https:\/\/meier-gerdingh.de\/wp-spd-ob\/wp-json\/wp\/v2\/users\/1"}],"replies":[{"embeddable":true,"href":"https:\/\/meier-gerdingh.de\/wp-spd-ob\/wp-json\/wp\/v2\/comments?post=475"}],"version-history":[{"count":0,"href":"https:\/\/meier-gerdingh.de\/wp-spd-ob\/wp-json\/wp\/v2\/posts\/475\/revisions"}],"wp:attachment":[{"href":"https:\/\/meier-gerdingh.de\/wp-spd-ob\/wp-json\/wp\/v2\/media?parent=475"}],"wp:term":[{"taxonomy":"category","embeddable":true,"href":"https:\/\/meier-gerdingh.de\/wp-spd-ob\/wp-json\/wp\/v2\/categories?post=475"},{"taxonomy":"post_tag","embeddable":true,"href":"https:\/\/meier-gerdingh.de\/wp-spd-ob\/wp-json\/wp\/v2\/tags?post=475"},{"taxonomy":"quellen","embeddable":true,"href":"https:\/\/meier-gerdingh.de\/wp-spd-ob\/wp-json\/wp\/v2\/quellen?post=475"}],"curies":[{"name":"wp","href":"https:\/\/api.w.org\/{rel}","templated":true}]}}