{"id":478,"date":"2005-12-02T17:00:00","date_gmt":"2005-12-02T15:00:00","guid":{"rendered":"http:\/\/www.meier-gerdingh.de\/spd-oberhausen\/wp\/?p=478"},"modified":"2017-05-14T10:17:58","modified_gmt":"2017-05-14T08:17:58","slug":"friedhofsgebuehren-nachhaltig-senken-und-alle-kommunalen-friedhoefe-erhalten","status":"publish","type":"post","link":"https:\/\/meier-gerdingh.de\/wp-spd-ob\/2005\/12\/02\/friedhofsgebuehren-nachhaltig-senken-und-alle-kommunalen-friedhoefe-erhalten\/","title":{"rendered":"Friedhofsgeb\u00fchren nachhaltig senken und alle kommunalen Friedh\u00f6fe erhalten"},"content":{"rendered":"<div style=\"width: 150px\" class=\"wp-caption alignleft\"><a href=\"http:\/\/meier-gerdingh.de\/wp-spd-ob\/wp-content\/uploads\/grosse_broemer_wolfgang.jpg\"><img decoding=\"async\" class=\"size-full\" src=\"http:\/\/meier-gerdingh.de\/wp-spd-ob\/wp-content\/uploads\/grosse_broemer_wolfgang.jpg\" alt=\"Wolfgang Gro\u00dfe Br\u00f6mer ist Chef der Oberhausener SPD-Fraktion und Mitglied des Landtags von NRW\" width=\"140\" height=\"191\" \/><\/a><p class=\"wp-caption-text\">Wolfgang Gro\u00dfe Br\u00f6mer ist Chef der Oberhausener SPD-Fraktion und Mitglied des Landtags von NRW<\/p><\/div>\n<p>Dies ist und bleibt die Messlatte, die die SPD-Ratsfraktion f\u00fcr die bevorstehende Neuordnung der Friedh\u00f6fe in Oberhausen gelegt hat. Einen ersten wichtigen Teilerfolg hierzu sehen die Sozialdemokraten in der Aufhebung der Vertr\u00e4ge zum Friedhofswesen mit der WBO GmbH erreicht: &#8222;Das war in der Tat ein gordischer Knoten, den Oberb\u00fcrgermeister Klaus Wehling und sein Verwaltungsteam mit dem nunmehr vorgesehenen Zust\u00e4ndigkeitswechsel f\u00fcr die st\u00e4dtischen Friedh\u00f6fe von der WBO auf die OGM gel\u00f6st haben,&#8220; bewertet der Fraktionsvorsitzende Wolfgang Gro\u00dfe Br\u00f6mer diesen wesentlichen Entwicklungsschritt. &#8222;Das erlaubt uns quasi einen Neustart bei der Friedhofs- und Geb\u00fchrenplanung und gibt dem Rat der Stadt alle Handlungsoptionen. Noch in diesem Jahr werden wir im Rat der Stadt diese wichtige Weiche stellen.&#8220;<!--more--><\/p>\n<p>Mit der Aufl\u00f6sung der Vertr\u00e4ge mit der WBO, so erl\u00e4utert erg\u00e4nzend die Arbeitskreisleiterin Umwelt der SPD-Fraktion, Anne Jan\u00dfen, &#8222;k\u00f6nnen die zust\u00e4ndigen Gremien eine vollst\u00e4ndige Neubewertung aller Facetten zum Friedhofswesen vornehmen.&#8220; F\u00fcr die Sozialdemokraten ist damit sicher, dass kein st\u00e4dtischer Friedhof geschlossen wird, sondern alle f\u00fcnf kommunalen Friedh\u00f6fe f\u00fcr Bestattungen dauerhaft erhalten bleiben.<\/p>\n<p>Denn die notwendige Reduzierung von tats\u00e4chlich nicht mehr ben\u00f6tigten Friedhofsfl\u00e4chen kann fl\u00e4chenscharf f\u00fcr jeden einzelnen Friedhof entschieden werden. Besonders wichtig ist dabei, dass der Pflegestandard aller Friedhofsfl\u00e4chen \u00fcberpr\u00fcft wird: So k\u00f6nnen z.B. auch durch eine reduzierte Pflege von Gr\u00fcnfl\u00e4chenanteilen und Vorratsfl\u00e4chen erhebliche Einsparungen erzielt werden.<\/p>\n<p>Nach Vorstellung der Sozialdemokraten k\u00f6nnen weiterhin Kosten f\u00fcr die Nutzung von Leichenhallen und Kapellen vollst\u00e4ndig aus dem starren Korsett des Geb\u00fchrenrechts herausgel\u00f6st und im Rahmen betriebswirtschaftlicher Kalkulation bezogen auf den tats\u00e4chlichen Bedarf kosteng\u00fcnstiger zur Verf\u00fcgung gestellt werden.<\/p>\n<p>Als wenig hilfreich bewerten die Sozialdemokraten Versuche der \u00f6rtlichen CDU, aus diesem f\u00fcr die B\u00fcrgerinnen und B\u00fcrger sehr sensiblen Thema politisches Kapital schlagen zu wollen. &#8222;Stur, borniert und ohne jeden kreativen L\u00f6sungsvorschlag fordert die CDU seit Jahren die Schlie\u00dfung von st\u00e4dtischen Friedh\u00f6fen. Dabei spielt f\u00fcr die Christdemokraten offensichtlich keine Rolle, dass die B\u00fcrgerinnen und B\u00fcrger erst durch die halbe Stadt &#8218;reisen&#8216; m\u00fcssten, um die Gr\u00e4ber ihrer verstorbenen Angeh\u00f6rigen besuchen zu k\u00f6nnen. Ich halte das f\u00fcr eine Zumutung &#8211; insbesondere f\u00fcr unsere \u00e4lteren Mitb\u00fcrgerinnen und Mitb\u00fcrger&#8220;, so Wolfgang Gro\u00dfe Br\u00f6mer.<\/p>\n<p>Er habe, so Gro\u00dfe Br\u00f6mer weiter, zwar vollstes Verst\u00e4ndnis daf\u00fcr, dass die CDU &#8222;ihrem&#8220; Beigeordneten Dirk Buttler, der den radikalen Schlie\u00dfungsvorschlag der Verwaltung federf\u00fchrend erarbeitet hat, den R\u00fccken st\u00e4rken will. &#8222;Diese ?Nibelungentreue&amp;039; darf aber doch nicht zu Lasten der B\u00fcrgerinnen und B\u00fcrger unserer Stadt stattfinden!&#8220;<\/p>\n<p>&#8222;Es bleibt dabei,&#8220; so der Fraktionsvorsitzende Wolfgang Gro\u00dfe Br\u00f6mer, &#8222;die wichtige Entscheidung zur Zukunft der Friedh\u00f6fe in Oberhausen wird nicht gegen die Interessen der B\u00fcrgerinnen und B\u00fcrger getroffen.&#8220; Basierend auf der bevorstehenden Ratsentscheidung wollen die Sozialdemokraten ein neues Modell zum Friedhofswesen bis zum Februar 2006 bewerten, vorstellen und letztlich entscheiden.<\/p>\n","protected":false},"excerpt":{"rendered":"<p>Dies ist und bleibt die Messlatte, die die SPD-Ratsfraktion f\u00fcr die bevorstehende Neuordnung der Friedh\u00f6fe in Oberhausen gelegt hat. Einen ersten wichtigen Teilerfolg hierzu sehen die Sozialdemokraten in der Aufhebung&hellip; <\/p>\n","protected":false},"author":1,"featured_media":0,"comment_status":"closed","ping_status":"closed","sticky":false,"template":"","format":"standard","meta":{"footnotes":""},"categories":[1],"tags":[],"quellen":[],"class_list":["post-478","post","type-post","status-publish","format-standard","hentry","category-allgemein"],"_links":{"self":[{"href":"https:\/\/meier-gerdingh.de\/wp-spd-ob\/wp-json\/wp\/v2\/posts\/478","targetHints":{"allow":["GET"]}}],"collection":[{"href":"https:\/\/meier-gerdingh.de\/wp-spd-ob\/wp-json\/wp\/v2\/posts"}],"about":[{"href":"https:\/\/meier-gerdingh.de\/wp-spd-ob\/wp-json\/wp\/v2\/types\/post"}],"author":[{"embeddable":true,"href":"https:\/\/meier-gerdingh.de\/wp-spd-ob\/wp-json\/wp\/v2\/users\/1"}],"replies":[{"embeddable":true,"href":"https:\/\/meier-gerdingh.de\/wp-spd-ob\/wp-json\/wp\/v2\/comments?post=478"}],"version-history":[{"count":0,"href":"https:\/\/meier-gerdingh.de\/wp-spd-ob\/wp-json\/wp\/v2\/posts\/478\/revisions"}],"wp:attachment":[{"href":"https:\/\/meier-gerdingh.de\/wp-spd-ob\/wp-json\/wp\/v2\/media?parent=478"}],"wp:term":[{"taxonomy":"category","embeddable":true,"href":"https:\/\/meier-gerdingh.de\/wp-spd-ob\/wp-json\/wp\/v2\/categories?post=478"},{"taxonomy":"post_tag","embeddable":true,"href":"https:\/\/meier-gerdingh.de\/wp-spd-ob\/wp-json\/wp\/v2\/tags?post=478"},{"taxonomy":"quellen","embeddable":true,"href":"https:\/\/meier-gerdingh.de\/wp-spd-ob\/wp-json\/wp\/v2\/quellen?post=478"}],"curies":[{"name":"wp","href":"https:\/\/api.w.org\/{rel}","templated":true}]}}