{"id":4838,"date":"2017-11-13T13:39:44","date_gmt":"2017-11-13T12:39:44","guid":{"rendered":"http:\/\/meier-gerdingh.de\/wp-spd-ob\/?p=4838"},"modified":"2017-11-13T13:39:44","modified_gmt":"2017-11-13T12:39:44","slug":"bilanz-zur-halbzeit-der-wahlperiode","status":"publish","type":"post","link":"https:\/\/meier-gerdingh.de\/wp-spd-ob\/2017\/11\/13\/bilanz-zur-halbzeit-der-wahlperiode\/","title":{"rendered":"Bilanz zur Halbzeit der Wahlperiode"},"content":{"rendered":"<div id=\"attachment_1481\" style=\"width: 150px\" class=\"wp-caption alignleft\"><a href=\"http:\/\/meier-gerdingh.de\/wp-spd-ob\/wp-content\/uploads\/krey_thomas_14.jpg\"><img aria-describedby=\"caption-attachment-1481\" decoding=\"async\" class=\"size-full wp-image-1481\" src=\"http:\/\/meier-gerdingh.de\/wp-spd-ob\/wp-content\/uploads\/krey_thomas_14.jpg\" alt=\"\" width=\"140\" height=\"169\" \/><\/a><p id=\"caption-attachment-1481\" class=\"wp-caption-text\">Thomas Krey ist Mitglied des Rates der Stadt und Bezirksb\u00fcrgermeister von Osterfeld<\/p><\/div>\n<p>&#8222;Zur Halbzeit haben wir viel erreicht, gleichzeitig haben wir noch viel vor&#8220;, sagt Thorsten Kamps. Der Osterfelder SPD-Vorsitzende zieht eine positive Zwischenbilanz der Umsetzung des Wahlprogramms seiner Partei. 2014 hatte die SPD anl\u00e4sslich der Bezirksvertretungswahl unter Beteiligung von B\u00fcrgerinnen und B\u00fcrgern konkrete Vorschl\u00e4ge zur Stadtentwicklung vorgelegt. &#8222;In Osterfeld hat sich viel bewegt&#8220;, so Kamps, &#8222;und dies war nur durch das gro\u00dfe Engagement der Osterfelderinnen und Osterfelder m\u00f6glich&#8220;.<\/p>\n<p>Bezirksb\u00fcrgermeister Thomas Krey sagt: &#8222;Der Start des Projektes &#8218;Soziale Stadt&#8216; mit dem Stadtteilb\u00fcro in der Innenstadt, der neue Lebensmittelmarkt, das neue Ausbildungszentrum im HDO-Geb\u00e4ude und die St\u00e4rkung der Jugendarbeit sind positive Entwicklungen.&#8220; Gro\u00dfe Chancen f\u00fcr Osterfeld erg\u00e4ben sich aus dem geplanten neuen Jugendhaus an der GSO, mit dem die Bibliothek n\u00e4her ins Stadtzentrum geholt werde und ein Veranstaltungsraum entsteht. &#8222;Gemeinsam mit Schule, Bibliothek und neuem Jugendzentrum entsteht hier ein neuer Treffpunkt f\u00fcr Osterfelderinnen und Osterfelder&#8220;, freut sich Krey.<!--more--><\/p>\n<p>Von besonderer Bedeutung sei die Entwicklung des Revierparks. &#8222;Nachdem mit der neuen Karl-Heinz-Pflugbeil-Arena eine Erstligasportst\u00e4tte entstanden ist und das Freibad modernisiert wird geht es nun darum, den Park neu zu gestalten&#8220;, so der Bezirksb\u00fcrgermeister. Aus verschiedenen F\u00f6rdert\u00f6pfen sei Geld in Aussicht gestellt worden. &#8222;Gemeinsam mit den Osterfelderinnen und Osterfeldern m\u00f6chten wir eine Zukunftsplanung f\u00fcr den Revierpark entwickeln. Er ist Teil der Gr\u00fcnen Lunge unseres Stadtteils. Jetzt muss endlich wieder investiert werden, um den Freizeitwert zu erh\u00f6hen&#8220;, fordert Thomas Krey.<\/p>\n<p>&#8222;Wir haben noch nicht alles erreicht, was wir uns vorgenommen haben&#8220;, erg\u00e4nzt Stefan Zimkeit, SPD-Fraktionsvorsitzender in der Bezirksvertretung. Insbesondere die Ank\u00fcndigung, einen Dialog \u00fcber die Zukunft des Kulturangebotes im Stadtteil auf den Weg zu bringen, sei noch nicht umgesetzt. &#8222;Deshalb werden wir alle Interessierten im n\u00e4chsten Jahr zu einem Osterfelder Kulturforum mit Dezernent Apostolos Tsalastras einladen&#8220;, k\u00fcndigt Zimkeit an. &#8222;Damit sollen die zahlreichen Aktivit\u00e4ten im Bistro Jedermann, bei Surmann, in Eisenheim, an der GSO oder auf dem Marktplatz besser vernetzt werden und gleichzeitig diskutiert werden, wie die Kulturangebote im Stadtteil besser unterst\u00fctzt werden k\u00f6nnen.&#8220;<\/p>\n<p>Kritisch schaut Zimkeit auf die Entwicklung einiger Immobilen im Stadtteil. &#8222;Hier sind wir von den Entscheidungen privater Eigent\u00fcmer abh\u00e4ngig, und hier geht es an einigen Stellen nicht voran.&#8220; Als Beispiele nannte er den Au\u00dfenbereich des Schuhhaus Erwig, der immer noch ein Schandfleck sei, und dem ehemalige Lebensmittelmarkt am Markt. &#8222;Der ist ein idealer Standort f\u00fcr einen Drogeriemarkt, der bislang in der Innenstadt fehlt. Wir erwarten hier von den Eigent\u00fcmern endlich Bewegung.&#8220;<\/p>\n<p>Wichtig ist laut Stefan Zimkeit auch die Zukunft des Doms. &#8222;Wir wollen den Dom erhalten, damit er vom neuen Ausbildungszentrum der Bauindustrie genutzt werden kann.&#8220; Dies gehe aber nur mit einer zus\u00e4tzlichen Landesf\u00f6rderung.<\/p>\n<p>Thorsten Kamps zeigte sich zufrieden, dass viele Ziele der Osterfelder SPD erreicht wurden und die meisten anderen auf einem guten Weg seien. Er will sich damit aber nicht zufrieden geben. &#8222;Wir wollen gemeinsam mit den B\u00fcrgerinnen und B\u00fcrgern neue Ideen entwickeln&#8220; so Kamps. Er k\u00fcndigte an, dabei den Fokus verst\u00e4rkt auf die Wohnviertel zu legen. Auch au\u00dferhalb der Innenstadt will die Osterfelder SPD verst\u00e4rkt Anregungen sammeln.<\/p>\n","protected":false},"excerpt":{"rendered":"<p>&#8222;Zur Halbzeit haben wir viel erreicht, gleichzeitig haben wir noch viel vor&#8220;, sagt Thorsten Kamps. Der Osterfelder SPD-Vorsitzende zieht eine positive Zwischenbilanz der Umsetzung des Wahlprogramms seiner Partei. 2014 hatte&hellip; <\/p>\n","protected":false},"author":1,"featured_media":0,"comment_status":"closed","ping_status":"closed","sticky":false,"template":"","format":"standard","meta":{"footnotes":""},"categories":[16,167],"tags":[608,1392,1393,1252,1061,1390,41,1391,1389,189,446],"quellen":[339],"class_list":["post-4838","post","type-post","status-publish","format-standard","hentry","category-stadtentwicklung","category-stadtteile","tag-ausbildungszentrum-der-bauindustrie","tag-bistro-jedermann","tag-gso","tag-hdo-gebaeude","tag-jugendzentrum-osterfeld","tag-karl-heinz-pflugbeil-arena","tag-osterfeld","tag-osterfelder-kulturforum","tag-projekt-soziale-stadt","tag-revierpark-vonderort","tag-schuhhaus-erwig","quellen-ov-osterfeld"],"_links":{"self":[{"href":"https:\/\/meier-gerdingh.de\/wp-spd-ob\/wp-json\/wp\/v2\/posts\/4838","targetHints":{"allow":["GET"]}}],"collection":[{"href":"https:\/\/meier-gerdingh.de\/wp-spd-ob\/wp-json\/wp\/v2\/posts"}],"about":[{"href":"https:\/\/meier-gerdingh.de\/wp-spd-ob\/wp-json\/wp\/v2\/types\/post"}],"author":[{"embeddable":true,"href":"https:\/\/meier-gerdingh.de\/wp-spd-ob\/wp-json\/wp\/v2\/users\/1"}],"replies":[{"embeddable":true,"href":"https:\/\/meier-gerdingh.de\/wp-spd-ob\/wp-json\/wp\/v2\/comments?post=4838"}],"version-history":[{"count":0,"href":"https:\/\/meier-gerdingh.de\/wp-spd-ob\/wp-json\/wp\/v2\/posts\/4838\/revisions"}],"wp:attachment":[{"href":"https:\/\/meier-gerdingh.de\/wp-spd-ob\/wp-json\/wp\/v2\/media?parent=4838"}],"wp:term":[{"taxonomy":"category","embeddable":true,"href":"https:\/\/meier-gerdingh.de\/wp-spd-ob\/wp-json\/wp\/v2\/categories?post=4838"},{"taxonomy":"post_tag","embeddable":true,"href":"https:\/\/meier-gerdingh.de\/wp-spd-ob\/wp-json\/wp\/v2\/tags?post=4838"},{"taxonomy":"quellen","embeddable":true,"href":"https:\/\/meier-gerdingh.de\/wp-spd-ob\/wp-json\/wp\/v2\/quellen?post=4838"}],"curies":[{"name":"wp","href":"https:\/\/api.w.org\/{rel}","templated":true}]}}