{"id":4839,"date":"2017-11-13T13:45:09","date_gmt":"2017-11-13T12:45:09","guid":{"rendered":"http:\/\/meier-gerdingh.de\/wp-spd-ob\/?p=4839"},"modified":"2017-11-14T21:11:04","modified_gmt":"2017-11-14T20:11:04","slug":"mitglieder-diskutieren-das-thema-parken-in-sterkrade","status":"publish","type":"post","link":"https:\/\/meier-gerdingh.de\/wp-spd-ob\/2017\/11\/13\/mitglieder-diskutieren-das-thema-parken-in-sterkrade\/","title":{"rendered":"Mitglieder diskutieren \u00fcber Parkraumkonzept f\u00fcr Sterkrade"},"content":{"rendered":"<div id=\"attachment_4836\" style=\"width: 730px\" class=\"wp-caption aligncenter\"><a href=\"http:\/\/meier-gerdingh.de\/wp-spd-ob\/wp-content\/uploads\/2017\/11\/sterkrade_sued_17_parken_1000.jpg\"><img aria-describedby=\"caption-attachment-4836\" decoding=\"async\" class=\"size-full wp-image-4836\" src=\"http:\/\/meier-gerdingh.de\/wp-spd-ob\/wp-content\/uploads\/2017\/11\/sterkrade_sued_17_parken_720.jpg\" alt=\"\" width=\"720\" height=\"375\" srcset=\"https:\/\/meier-gerdingh.de\/wp-spd-ob\/wp-content\/uploads\/2017\/11\/sterkrade_sued_17_parken_720.jpg 720w, https:\/\/meier-gerdingh.de\/wp-spd-ob\/wp-content\/uploads\/2017\/11\/sterkrade_sued_17_parken_720-300x156.jpg 300w\" sizes=\"(max-width: 720px) 100vw, 720px\" \/><\/a><p id=\"caption-attachment-4836\" class=\"wp-caption-text\">Sabine Janclas, Bereichsleiterin f\u00fcr Verkehrsplanung und Tiefbau der Stadt Oberhausen, informierte die Mitglieder des SPD-Ortsvereins Sterkrade-S\u00fcd \u00fcber das Parkraumkonzept f\u00fcr Sterkrade<\/p><\/div>\n<p>Der Ortsvereinsvorsitzende Dr. J\u00f6rg Schr\u00f6er erinnerte bei seiner Begr\u00fc\u00dfung die Mitglieder und G\u00e4ste zun\u00e4chst an Ereignisse der deutschen Geschichte, die an diesem Datum stattgefunden haben: Ausrufung der Republik am 9.11.1918, die Pogrome der sogenannten &#8222;Reichspogromnacht&#8220; am 9.11.1938 und an den 9.11.1989, den Tag des Mauerfalls. Auch heute stelle sich die Sozialdemokratie aktiv, wie in den vergangenen Jahrzehnten, gegen rechtsextreme Bestrebungen.<\/p>\n<p>Zum eigentlichen Thema der Veranstaltung referierte Sabine Janclas, Bereichsleiterin f\u00fcr Verkehrsplanung und Tiefbau der Stadt Oberhausen. Schwerpunkt des Abends war die Auswirkungen des geplanten Parkraumbewirtschaftungskonzeptes f\u00fcr Sterkrade. Kurz und pr\u00e4gnant wurde der Entwurf des Konzeptes vorgestellt und dabei die r\u00e4umliche Ausdehnung aufgezeigt.<!--more--><\/p>\n<p>Vorgeschlagen wird vom Gutachter mehr Parkscheinautomaten zu nutzen und die bestehenden Parkscheibenbereiche einheitlich zu fassen. Vorteilhaft sei u.a. eine leichte \u00dcbersichtlichkeit der Parkregelungen und vor allem die Verminderung des Suchaufwands nach einem g\u00fcnstigen Parkplatz.<\/p>\n<p>Frau Janclas stellte sich den Fragen und Beitr\u00e4gen der Interessierten zur Verf\u00fcgung. Und diese Fragen gab es reichlich.<\/p>\n<p>Grunds\u00e4tzlich wurde eine Vereinheitlichung der Parkm\u00f6glichkeiten begr\u00fc\u00dft, jedoch wurde dem Zwang zu Ausweitung der Parkscheinautomaten eher widersprochen. Zur Forderung, die arbeitende Bev\u00f6lkerung zu ber\u00fccksichtigen kam der Hinweis, dass die Parkh\u00e4user in Sterkrade (u.a. der OGM GmbH) f\u00fcr jeden zug\u00e4nglich seien und g\u00fcnstige Angebote vorhalten.<\/p>\n<p>\u00dcberwiegend wurde eine angemessene Erh\u00f6hung akzeptiert, wenn auch nicht gerade gew\u00fcnscht. Eine, wie vom Gutachter vorgeschlagene allgemeine einheitliche Parkzone wurde aus dem Forum eher abgelehnt. Sterkrade w\u00fcrde durch h\u00f6here Parkgeb\u00fchren sicher nicht attraktiver. Es wurden strengere Kontrollen der bestehenden Parkordnungen durch die Stadtverwaltung gefordert.<\/p>\n<p>Nach dieser Diskussion berichtete Sabine Janclas \u00fcber weitere aktuelle Planungen in Sterkrade. Sie zeigte vor allem die Planungen zu Stra\u00dfenbauma\u00dfnahmen in Sterkrade auf. Auch hier gab es eine rege Beteiligung der anwesenden Sterkrader.<\/p>\n<p>Abschlie\u00dfend gab es eine detaillierte \u00dcbersicht \u00fcber die Planungen zur Erneuerung der Wilhelmstra\u00dfe. Neben den hohen Kosten scheiterte die Umsetzung bisher an der Streitfrage, ob hier eine L\u00f6sung mit oder ohne Kreisverkehr gebaut werden soll. Frau Janclas schilderte die verschiedenen Planungsvarianten, was eine fundierte Meinungbildung erm\u00f6glicht.<\/p>\n<p>Dr. J\u00f6rg Schr\u00f6er dankte der Referentin f\u00fcr ihren interessanten Vortrag, der detaillierte Einblicke in die verkehrsplanerische Gestaltung Sterkrades gew\u00e4hrte.<\/p>\n","protected":false},"excerpt":{"rendered":"<p>Der Ortsvereinsvorsitzende Dr. J\u00f6rg Schr\u00f6er erinnerte bei seiner Begr\u00fc\u00dfung die Mitglieder und G\u00e4ste zun\u00e4chst an Ereignisse der deutschen Geschichte, die an diesem Datum stattgefunden haben: Ausrufung der Republik am 9.11.1918,&hellip; <\/p>\n","protected":false},"author":1,"featured_media":0,"comment_status":"closed","ping_status":"closed","sticky":false,"template":"","format":"standard","meta":{"footnotes":""},"categories":[27,167],"tags":[92,940,1385,1394,46,1395,1374],"quellen":[338],"class_list":["post-4839","post","type-post","status-publish","format-standard","hentry","category-planen-bauen-wohnen-verkehr","category-stadtteile","tag-parken","tag-parkgebuehren","tag-parkraumbewirtschaftungskonzept","tag-parkscheinautomaten","tag-sterkrade","tag-strassenbaumassnahmen","tag-verkehrsplanung","quellen-ov-sterkrade-sued"],"_links":{"self":[{"href":"https:\/\/meier-gerdingh.de\/wp-spd-ob\/wp-json\/wp\/v2\/posts\/4839","targetHints":{"allow":["GET"]}}],"collection":[{"href":"https:\/\/meier-gerdingh.de\/wp-spd-ob\/wp-json\/wp\/v2\/posts"}],"about":[{"href":"https:\/\/meier-gerdingh.de\/wp-spd-ob\/wp-json\/wp\/v2\/types\/post"}],"author":[{"embeddable":true,"href":"https:\/\/meier-gerdingh.de\/wp-spd-ob\/wp-json\/wp\/v2\/users\/1"}],"replies":[{"embeddable":true,"href":"https:\/\/meier-gerdingh.de\/wp-spd-ob\/wp-json\/wp\/v2\/comments?post=4839"}],"version-history":[{"count":0,"href":"https:\/\/meier-gerdingh.de\/wp-spd-ob\/wp-json\/wp\/v2\/posts\/4839\/revisions"}],"wp:attachment":[{"href":"https:\/\/meier-gerdingh.de\/wp-spd-ob\/wp-json\/wp\/v2\/media?parent=4839"}],"wp:term":[{"taxonomy":"category","embeddable":true,"href":"https:\/\/meier-gerdingh.de\/wp-spd-ob\/wp-json\/wp\/v2\/categories?post=4839"},{"taxonomy":"post_tag","embeddable":true,"href":"https:\/\/meier-gerdingh.de\/wp-spd-ob\/wp-json\/wp\/v2\/tags?post=4839"},{"taxonomy":"quellen","embeddable":true,"href":"https:\/\/meier-gerdingh.de\/wp-spd-ob\/wp-json\/wp\/v2\/quellen?post=4839"}],"curies":[{"name":"wp","href":"https:\/\/api.w.org\/{rel}","templated":true}]}}