{"id":4877,"date":"2017-11-15T15:13:57","date_gmt":"2017-11-15T14:13:57","guid":{"rendered":"http:\/\/meier-gerdingh.de\/wp-spd-ob\/?p=4877"},"modified":"2017-11-18T15:16:00","modified_gmt":"2017-11-18T14:16:00","slug":"muelheim-zieht-umstrittenes-windrad-projekt-ruecksichtslos-durch","status":"publish","type":"post","link":"https:\/\/meier-gerdingh.de\/wp-spd-ob\/2017\/11\/15\/muelheim-zieht-umstrittenes-windrad-projekt-ruecksichtslos-durch\/","title":{"rendered":"M\u00fclheim zieht umstrittenes Windrad-Projekt r\u00fccksichtslos durch"},"content":{"rendered":"<p><em>Mit deutlichen Worten reagiert die Oberhausener SPD auf den offiziellen Baubeginn des umstrittenen Windrads in den Ruhrauen:<\/em><\/p>\n<p>&#8222;Ohne R\u00fccksicht auf \u00f6konomische und \u00f6kologische Verluste ziehen die Verantwortlichen der Stadt M\u00fclheim ihr unsinniges Windrad-Projekt im Alstadener Ruhrbogen weiter durch, koste es, was es wolle. Mit dem jetzt erfolgten \u201aersten Spatenstich\u2018 sollen offensichtlich unumkehrbare Fakten geschaffen werden, bevor eine gerichtliche Entscheidung \u00fcber die von Anwohnern eingereichte Klage das Windrad in letzter Minute wom\u00f6glich doch noch stoppen k\u00f6nnte&#8220;, kritisiert der umweltpolitische Sprecher der Oberhausener SPD-Fraktion Manfred Flore.<!--more--><\/p>\n<p>Entt\u00e4uscht zeigen sich Flore in diesem Zusammenhang auch von Oberhausens Oberb\u00fcrgermeister Daniel Schranz, der zu wenig unternommen habe, um auf die Stadt M\u00fclheim einzuwirken. &#8222;Da h\u00e4tte ich mir deutlich mehr Engagement von unserem Stadtoberhaupt erwartet, zumal auch die Oberhausener CDU dieses Windrad ablehnt&#8220;, so Flore. <\/p>\n<p>Oberhausens SPD-Chef Dirk V\u00f6pel erg\u00e4nzt: &#8222;Obwohl Wissenschaftler der Ruhr-Universit\u00e4t Bochum die Wirtschaftlichkeit eines Windrades am vorgesehenen Standort heftig anzweifeln, trotz der zu erwartenden Bel\u00e4stigungen durch Schlagschatten, L\u00e4rm und der unvermeidlichen Beeintr\u00e4chtigung der Pflanzen- und Tierwelt im Naherholungsgebiet Ruhrbogen will man sich in M\u00fclheim auf Biegen und Brechen als hippe \u00d6kostromproduzenten abfeiern lassen.&#8220; <\/p>\n<p>Das falle den Verantwortlichen offenbar umso leichter, als der vermeintliche Prestige-Gewinn in M\u00fclheim verbleibe, w\u00e4hrend s\u00e4mtliche Lasten und Nachteile jenseits der Stadtgrenze auf die Anwohnerinnen und Anwohner in Oberhausen und Duisburg abgew\u00e4lzt w\u00fcrden. &#8222;Das ist kein guter Stil unter Nachbarst\u00e4dten&#8220;, bedauert V\u00f6pel. <\/p>\n<p>V\u00f6pel erinnert daran, dass die Oberhausener SPD die betroffenen B\u00fcrgerinnen und B\u00fcrger bereits im letzten Jahr durch eine gro\u00dfe Protest-Versammlung auf dem Alstadener Ruhrdeich unterst\u00fctzt habe. Von dieser Versammlung sei auch die Initiative zur Gr\u00fcndung der B\u00fcrgerinitiative Ruhraue gegen die Windkraftanlage ausgegangen. Diese habe sich zwischenzeitlich an den Petitionsausschuss des Landtags NRW gewandt, unterst\u00fctze die Kl\u00e4ger laufend mit Argumenten und sammle Spenden zur Finanzierung der Gerichtskosten.<\/p>\n","protected":false},"excerpt":{"rendered":"<p>Mit deutlichen Worten reagiert die Oberhausener SPD auf den offiziellen Baubeginn des umstrittenen Windrads in den Ruhrauen: &#8222;Ohne R\u00fccksicht auf \u00f6konomische und \u00f6kologische Verluste ziehen die Verantwortlichen der Stadt M\u00fclheim&hellip; <\/p>\n","protected":false},"author":1,"featured_media":0,"comment_status":"closed","ping_status":"closed","sticky":false,"template":"","format":"standard","meta":{"footnotes":""},"categories":[167,29],"tags":[134,1397,670,673,671],"quellen":[327],"class_list":["post-4877","post","type-post","status-publish","format-standard","hentry","category-stadtteile","category-umwelt","tag-alstaden","tag-buergerinitiative-ruhraue","tag-muelheim-an-der-ruhr","tag-ruhrufer","tag-windkraftrad-deponie-kolkerhofweg","quellen-spd-unterbezirk-oberhausen"],"_links":{"self":[{"href":"https:\/\/meier-gerdingh.de\/wp-spd-ob\/wp-json\/wp\/v2\/posts\/4877","targetHints":{"allow":["GET"]}}],"collection":[{"href":"https:\/\/meier-gerdingh.de\/wp-spd-ob\/wp-json\/wp\/v2\/posts"}],"about":[{"href":"https:\/\/meier-gerdingh.de\/wp-spd-ob\/wp-json\/wp\/v2\/types\/post"}],"author":[{"embeddable":true,"href":"https:\/\/meier-gerdingh.de\/wp-spd-ob\/wp-json\/wp\/v2\/users\/1"}],"replies":[{"embeddable":true,"href":"https:\/\/meier-gerdingh.de\/wp-spd-ob\/wp-json\/wp\/v2\/comments?post=4877"}],"version-history":[{"count":0,"href":"https:\/\/meier-gerdingh.de\/wp-spd-ob\/wp-json\/wp\/v2\/posts\/4877\/revisions"}],"wp:attachment":[{"href":"https:\/\/meier-gerdingh.de\/wp-spd-ob\/wp-json\/wp\/v2\/media?parent=4877"}],"wp:term":[{"taxonomy":"category","embeddable":true,"href":"https:\/\/meier-gerdingh.de\/wp-spd-ob\/wp-json\/wp\/v2\/categories?post=4877"},{"taxonomy":"post_tag","embeddable":true,"href":"https:\/\/meier-gerdingh.de\/wp-spd-ob\/wp-json\/wp\/v2\/tags?post=4877"},{"taxonomy":"quellen","embeddable":true,"href":"https:\/\/meier-gerdingh.de\/wp-spd-ob\/wp-json\/wp\/v2\/quellen?post=4877"}],"curies":[{"name":"wp","href":"https:\/\/api.w.org\/{rel}","templated":true}]}}