{"id":4891,"date":"2017-11-24T17:36:18","date_gmt":"2017-11-24T16:36:18","guid":{"rendered":"http:\/\/meier-gerdingh.de\/wp-spd-ob\/?p=4891"},"modified":"2017-11-24T17:37:26","modified_gmt":"2017-11-24T16:37:26","slug":"protest-gegen-die-schrittweise-abschaffung-des-sozialtickets","status":"publish","type":"post","link":"https:\/\/meier-gerdingh.de\/wp-spd-ob\/2017\/11\/24\/protest-gegen-die-schrittweise-abschaffung-des-sozialtickets\/","title":{"rendered":"Protest gegen die schrittweise Abschaffung des Sozialtickets"},"content":{"rendered":"<div id=\"attachment_1483\" style=\"width: 210px\" class=\"wp-caption alignleft\"><a href=\"http:\/\/meier-gerdingh.de\/wp-spd-ob\/wp-content\/uploads\/landtag_nrw.jpg\"><img aria-describedby=\"caption-attachment-1483\" decoding=\"async\" class=\"size-full wp-image-1483\" src=\"http:\/\/meier-gerdingh.de\/wp-spd-ob\/wp-content\/uploads\/landtag_nrw.jpg\" alt=\"\" width=\"200\" height=\"160\" \/><\/a><p id=\"caption-attachment-1483\" class=\"wp-caption-text\">Der Landtag von Nordrhein-Westfalen<\/p><\/div>\n<p>&#8222;Ich hoffe, dass die NRW-Landesregierung die angek\u00fcndigte Abschaffung des Sozialtickets noch einmal \u00fcberdenkt&#8220;, sagt Stefan Zimkeit (SPD). Gemeinsam mit seiner Landtagskollegin Sonja Bongers (SPD) zeigt er sich \u00fcber die &#8222;soziale K\u00e4lte&#8220; erschrocken, die damit verbunden ist. &#8222;Mehr als 5.000 Oberhausenerinnen und Oberhausener werden betroffen sein&#8220;, erl\u00e4utert Bongers. &#8222;Sie beziehen Sozialleistungen und sind bislang berechtigt, das verg\u00fcnstigte VRR-Ticket zu kaufen.&#8220;<!--more--><\/p>\n<p>Stefan Zimkeit findet es &#8222;erb\u00e4rmlich&#8220;, auf Kosten der \u00c4rmsten zu sparen. &#8222;Das eingesparte Geld stattdessen insbesondere in Stra\u00dfenbau-Investitionen zu stecken, ist an Zynismus nicht zu \u00fcberbieten&#8220;, sagt er nach einer Sitzung des Finanzausschusses, in der die Landesregierung ihr Vorhaben erl\u00e4utert hat.<\/p>\n<p>&#8222;Schwarz-Gelb beschneidet vielen Menschen die M\u00f6glichkeit, mit Bus und Bahn mobil zu sein. Gleichzeitig m\u00f6chte sich die Landesregierung f\u00fcr eine ,B\u00fcndnis f\u00fcr Mobilit\u00e4t\u2018-Veranstaltungsreihe knapp eine Million Euro f\u00fcr Bewirtungskosten genehmigen&#8220;, weist Zimkeit auf die emp\u00f6rende soziale Schieflage in der Verkehrspolitik hin.<\/p>\n","protected":false},"excerpt":{"rendered":"<p>&#8222;Ich hoffe, dass die NRW-Landesregierung die angek\u00fcndigte Abschaffung des Sozialtickets noch einmal \u00fcberdenkt&#8220;, sagt Stefan Zimkeit (SPD). Gemeinsam mit seiner Landtagskollegin Sonja Bongers (SPD) zeigt er sich \u00fcber die &#8222;soziale&hellip; <\/p>\n","protected":false},"author":1,"featured_media":0,"comment_status":"closed","ping_status":"closed","sticky":false,"template":"","format":"standard","meta":{"footnotes":""},"categories":[216],"tags":[1408,55,1407,1116,1040],"quellen":[1317,331],"class_list":["post-4891","post","type-post","status-publish","format-standard","hentry","category-land","tag-mobilitaet","tag-oepnv","tag-sozialticket","tag-strassenbau","tag-vrr","quellen-mdl-sonja-bongers","quellen-mdl-stefan-zimkeit"],"_links":{"self":[{"href":"https:\/\/meier-gerdingh.de\/wp-spd-ob\/wp-json\/wp\/v2\/posts\/4891","targetHints":{"allow":["GET"]}}],"collection":[{"href":"https:\/\/meier-gerdingh.de\/wp-spd-ob\/wp-json\/wp\/v2\/posts"}],"about":[{"href":"https:\/\/meier-gerdingh.de\/wp-spd-ob\/wp-json\/wp\/v2\/types\/post"}],"author":[{"embeddable":true,"href":"https:\/\/meier-gerdingh.de\/wp-spd-ob\/wp-json\/wp\/v2\/users\/1"}],"replies":[{"embeddable":true,"href":"https:\/\/meier-gerdingh.de\/wp-spd-ob\/wp-json\/wp\/v2\/comments?post=4891"}],"version-history":[{"count":0,"href":"https:\/\/meier-gerdingh.de\/wp-spd-ob\/wp-json\/wp\/v2\/posts\/4891\/revisions"}],"wp:attachment":[{"href":"https:\/\/meier-gerdingh.de\/wp-spd-ob\/wp-json\/wp\/v2\/media?parent=4891"}],"wp:term":[{"taxonomy":"category","embeddable":true,"href":"https:\/\/meier-gerdingh.de\/wp-spd-ob\/wp-json\/wp\/v2\/categories?post=4891"},{"taxonomy":"post_tag","embeddable":true,"href":"https:\/\/meier-gerdingh.de\/wp-spd-ob\/wp-json\/wp\/v2\/tags?post=4891"},{"taxonomy":"quellen","embeddable":true,"href":"https:\/\/meier-gerdingh.de\/wp-spd-ob\/wp-json\/wp\/v2\/quellen?post=4891"}],"curies":[{"name":"wp","href":"https:\/\/api.w.org\/{rel}","templated":true}]}}