{"id":4902,"date":"2017-11-28T18:45:33","date_gmt":"2017-11-28T17:45:33","guid":{"rendered":"http:\/\/meier-gerdingh.de\/wp-spd-ob\/?p=4902"},"modified":"2017-12-05T18:49:11","modified_gmt":"2017-12-05T17:49:11","slug":"dorothee-radtke-stellt-fragen","status":"publish","type":"post","link":"https:\/\/meier-gerdingh.de\/wp-spd-ob\/2017\/11\/28\/dorothee-radtke-stellt-fragen\/","title":{"rendered":"Dorothee Radtke stellt Fragen"},"content":{"rendered":"<div id=\"attachment_1580\" style=\"width: 150px\" class=\"wp-caption alignleft\"><a href=\"http:\/\/meier-gerdingh.de\/wp-spd-ob\/wp-content\/uploads\/radtke_dorothee_14.jpg\"><img aria-describedby=\"caption-attachment-1580\" decoding=\"async\" class=\"size-full wp-image-1580\" src=\"http:\/\/meier-gerdingh.de\/wp-spd-ob\/wp-content\/uploads\/radtke_dorothee_14.jpg\" alt=\"\" width=\"140\" height=\"169\" \/><\/a><p id=\"caption-attachment-1580\" class=\"wp-caption-text\">Dorothee Radtke ist Bezirksb\u00fcrgermeisterin von Alt-Oberhausen<\/p><\/div>\n<p>Durch die lokale Berichterstattung in der Presse hat die Oberhausener \u00d6ffentlichkeit am 5.\u00a0September davon erfahren, dass die Kaufhof-Immobilie an einen privaten Investor verkauft worden ist. Seitdem flie\u00dfen die Informationen zu diesem wichtigen Geb\u00e4ude in der Innenstadt allerdings mehr als sp\u00e4rlich.<\/p>\n<p>Eine Anfrage der Ampelkoalition in der Bezirksvertretung Alt-Oberhausen brachte bislang lediglich die Erkenntnis, dass Stadt und Investor bereits Mitte September einen Gespr\u00e4chstermin hatten, dessen Resultate eigentlich in der Bezirksvertretung berichtet werden sollten \u2013 so hatte es zumindest die Verwaltung angek\u00fcndigt. Geschehen ist dies bisher allerdings noch nicht.<\/p>\n<p>Angesichts dieser Situation und der Relevanz des Geb\u00e4udes f\u00fcr die gesamte Innenstadtentwicklung im Bereich der Marktstra\u00dfe hat die SPD-Stadtverordnete Dorothee Radtke eine kleine Anfrage an Oberb\u00fcrgermeister Daniel Schranz gerichtet.<!--more--><\/p>\n<p>Die Bezirksb\u00fcrgermeisterin von Alt-Oberhausen m\u00f6chte erfahren, welche Erkenntnisse die Verwaltung aus den ersten Gespr\u00e4chen mit dem neuen Investor gewonnen hat. Zudem fragt Dorothee Radtke nach, ob die Verwaltung von einem etwaigen Zeitplan des Investors wei\u00df und wie sie die Chancen einsch\u00e4tzt, dass der Besitzer nicht nur Einnahmen aus den Mieten und dem Parkhaus herauszieht, sondern sich ernsthaft um eine Entwicklung der Immobilie bem\u00fcht.<\/p>\n<p>F\u00fcr Verwunderung in Reihen der SPD-Fraktion hat indes die heftige Reaktion der CDU auf eine Pressemitteilung der SPD Oberhausen-Mitte gesorgt, in der der Ortsverein in Sachen Kaufhof-Verkauf lediglich Transparenz gefordert hat: Man w\u00fcsste gerne, wer die wichtige Immobilie gekauft hat und welche Pl\u00e4ne der neue oder die neuen Besitzer an der Marktstra\u00dfe haben \u2013 f\u00fcr die CDU ist dies allerdings bereits eine &#8222;Frechheit&#8220;, hinter der die Christdemokraten &#8222;gezielte Schlechtmacherei&#8220; vermuten.<\/p>\n<p>&#8222;Schade, das ist ein R\u00fcckfall in die alte CDU-Methode: &#8218;Wenn wir schon keine sachlichen Argumente haben, beschimpfen wir halt die SPD!&#8216; Die Kollegin Stehr scheint durch das beharrliche Nachfragen der SPD-Mitte an einer sehr empfindlichen Stelle getroffen zu sein&#8220;, vermutet der Fraktionsvorsitzende Wolfgang Gro\u00dfe Br\u00f6mer.<\/p>\n","protected":false},"excerpt":{"rendered":"<p>Durch die lokale Berichterstattung in der Presse hat die Oberhausener \u00d6ffentlichkeit am 5.\u00a0September davon erfahren, dass die Kaufhof-Immobilie an einen privaten Investor verkauft worden ist. Seitdem flie\u00dfen die Informationen zu&hellip; <\/p>\n","protected":false},"author":1,"featured_media":0,"comment_status":"closed","ping_status":"closed","sticky":false,"template":"","format":"standard","meta":{"footnotes":""},"categories":[16,167],"tags":[65,144,359,1403,1404,135,1082],"quellen":[326],"class_list":["post-4902","post","type-post","status-publish","format-standard","hentry","category-stadtentwicklung","category-stadtteile","tag-alt-oberhausen","tag-bezirksvertretung-alt-oberhausen","tag-innenstadt-alt-oberhausen","tag-kaufhof","tag-kaufhof-immobilie","tag-kleine-anfrage","tag-marktstrasse","quellen-spd-fraktion-oberhausen"],"_links":{"self":[{"href":"https:\/\/meier-gerdingh.de\/wp-spd-ob\/wp-json\/wp\/v2\/posts\/4902","targetHints":{"allow":["GET"]}}],"collection":[{"href":"https:\/\/meier-gerdingh.de\/wp-spd-ob\/wp-json\/wp\/v2\/posts"}],"about":[{"href":"https:\/\/meier-gerdingh.de\/wp-spd-ob\/wp-json\/wp\/v2\/types\/post"}],"author":[{"embeddable":true,"href":"https:\/\/meier-gerdingh.de\/wp-spd-ob\/wp-json\/wp\/v2\/users\/1"}],"replies":[{"embeddable":true,"href":"https:\/\/meier-gerdingh.de\/wp-spd-ob\/wp-json\/wp\/v2\/comments?post=4902"}],"version-history":[{"count":0,"href":"https:\/\/meier-gerdingh.de\/wp-spd-ob\/wp-json\/wp\/v2\/posts\/4902\/revisions"}],"wp:attachment":[{"href":"https:\/\/meier-gerdingh.de\/wp-spd-ob\/wp-json\/wp\/v2\/media?parent=4902"}],"wp:term":[{"taxonomy":"category","embeddable":true,"href":"https:\/\/meier-gerdingh.de\/wp-spd-ob\/wp-json\/wp\/v2\/categories?post=4902"},{"taxonomy":"post_tag","embeddable":true,"href":"https:\/\/meier-gerdingh.de\/wp-spd-ob\/wp-json\/wp\/v2\/tags?post=4902"},{"taxonomy":"quellen","embeddable":true,"href":"https:\/\/meier-gerdingh.de\/wp-spd-ob\/wp-json\/wp\/v2\/quellen?post=4902"}],"curies":[{"name":"wp","href":"https:\/\/api.w.org\/{rel}","templated":true}]}}