{"id":4906,"date":"2017-12-07T18:09:35","date_gmt":"2017-12-07T17:09:35","guid":{"rendered":"http:\/\/meier-gerdingh.de\/wp-spd-ob\/?p=4906"},"modified":"2017-12-08T18:17:53","modified_gmt":"2017-12-08T17:17:53","slug":"spd-mitte-beharrt-auf-informationen","status":"publish","type":"post","link":"https:\/\/meier-gerdingh.de\/wp-spd-ob\/2017\/12\/07\/spd-mitte-beharrt-auf-informationen\/","title":{"rendered":"SPD Mitte beharrt auf Informationen"},"content":{"rendered":"<p>&#8222;Die Wiederholung falscher Vorw\u00fcrfe macht diese nicht richtiger.&#8220; Axel J. Scherer, Vorsitzender des SPD-Ortsvereins Oberhausen-Mitte, verwahrt sich gegen die erneuten Angriffe des CDU-Ortsverbandsvorsitzenden Hans Tscharke in Sachen Kaufhof. Tscharke hatte sich zu dem Vorwurf verstiegen, dass die Sozialdemokraten mit ihren Fragen nach dem neuen Besitzer und dem k\u00fcnftigen Konzept der Immobilie an der Markstra\u00dfe verantwortungslos agierten.<!--more--><\/p>\n<p>&#8222;Fakt ist doch, dass weder Oberb\u00fcrgermeister Schranz noch sonst wer nun Einfluss darauf hat, was im Kaufhof zuk\u00fcnftig geschehen wird. Daher ist eine Nachfrage nach den Pl\u00e4nen des neuen Investors geradezu die Pflicht eines jeden Kommunalpolitikers und sicher keine Gef\u00e4hrdung des Projektes, wie Herr Tscharke hier d\u00fcster orakelt&#8220;, stellt Scherer klar. <\/p>\n<p>Zudem habe bereits f\u00fcr die September-Sitzung der Bezirksvertretung Alt-Oberhausen ein Berichtsantrag der Koalition vorgelegen. In der Sitzung selbst ist der Politik dann zugesagt worden, nach einem f\u00fcr Mitte September anberaumten Treffen mit dem Investor in der November-Sitzung \u00fcber den Stand zu informieren \u2013 geschehen ist dies nicht.<\/p>\n<p>&#8222;Die Behauptung der CDU, dass die SPD sich nicht um den Standort Kaufhof gek\u00fcmmert habe, ist nicht nur sachlich falsch, sondern soll vor allem davon ablenken, dass die CDU bis heute kein Konzept f\u00fcr die Innenstadt hat und offensichtlich an die Selbstheilungskraft des Marktes glaubt&#8220;, erkl\u00e4rt Scherer. <\/p>\n<p>Der SPD-Ortsverein Mitte fordere seit Jahren ein Umdenken und mehr Gestaltungsspielraum f\u00fcr die Stadt. Am Bert-Brecht-Haus oder auch am Neubauprojekt am Altmarkt zeige sich deutlich, dass diese Rechnung aufgehen kann \u2013 wenn die politischen Kr\u00e4fte dies nur wollen.<\/p>\n","protected":false},"excerpt":{"rendered":"<p>&#8222;Die Wiederholung falscher Vorw\u00fcrfe macht diese nicht richtiger.&#8220; Axel J. Scherer, Vorsitzender des SPD-Ortsvereins Oberhausen-Mitte, verwahrt sich gegen die erneuten Angriffe des CDU-Ortsverbandsvorsitzenden Hans Tscharke in Sachen Kaufhof. Tscharke hatte&hellip; <\/p>\n","protected":false},"author":1,"featured_media":0,"comment_status":"closed","ping_status":"closed","sticky":false,"template":"","format":"standard","meta":{"footnotes":""},"categories":[16,167],"tags":[65,1418,144,359,1403,1404,1405],"quellen":[333],"class_list":["post-4906","post","type-post","status-publish","format-standard","hentry","category-stadtentwicklung","category-stadtteile","tag-alt-oberhausen","tag-bert-brecht-haus","tag-bezirksvertretung-alt-oberhausen","tag-innenstadt-alt-oberhausen","tag-kaufhof","tag-kaufhof-immobilie","tag-markstrasse","quellen-ov-mitte"],"_links":{"self":[{"href":"https:\/\/meier-gerdingh.de\/wp-spd-ob\/wp-json\/wp\/v2\/posts\/4906","targetHints":{"allow":["GET"]}}],"collection":[{"href":"https:\/\/meier-gerdingh.de\/wp-spd-ob\/wp-json\/wp\/v2\/posts"}],"about":[{"href":"https:\/\/meier-gerdingh.de\/wp-spd-ob\/wp-json\/wp\/v2\/types\/post"}],"author":[{"embeddable":true,"href":"https:\/\/meier-gerdingh.de\/wp-spd-ob\/wp-json\/wp\/v2\/users\/1"}],"replies":[{"embeddable":true,"href":"https:\/\/meier-gerdingh.de\/wp-spd-ob\/wp-json\/wp\/v2\/comments?post=4906"}],"version-history":[{"count":0,"href":"https:\/\/meier-gerdingh.de\/wp-spd-ob\/wp-json\/wp\/v2\/posts\/4906\/revisions"}],"wp:attachment":[{"href":"https:\/\/meier-gerdingh.de\/wp-spd-ob\/wp-json\/wp\/v2\/media?parent=4906"}],"wp:term":[{"taxonomy":"category","embeddable":true,"href":"https:\/\/meier-gerdingh.de\/wp-spd-ob\/wp-json\/wp\/v2\/categories?post=4906"},{"taxonomy":"post_tag","embeddable":true,"href":"https:\/\/meier-gerdingh.de\/wp-spd-ob\/wp-json\/wp\/v2\/tags?post=4906"},{"taxonomy":"quellen","embeddable":true,"href":"https:\/\/meier-gerdingh.de\/wp-spd-ob\/wp-json\/wp\/v2\/quellen?post=4906"}],"curies":[{"name":"wp","href":"https:\/\/api.w.org\/{rel}","templated":true}]}}