{"id":4907,"date":"2017-12-08T18:16:32","date_gmt":"2017-12-08T17:16:32","guid":{"rendered":"http:\/\/meier-gerdingh.de\/wp-spd-ob\/?p=4907"},"modified":"2017-12-08T18:16:32","modified_gmt":"2017-12-08T17:16:32","slug":"ulrich-real-sieht-wichtigen-mosaikstein-fuer-sterkrade","status":"publish","type":"post","link":"https:\/\/meier-gerdingh.de\/wp-spd-ob\/2017\/12\/08\/ulrich-real-sieht-wichtigen-mosaikstein-fuer-sterkrade\/","title":{"rendered":"Ulrich Real sieht wichtigen Mosaikstein f\u00fcr Sterkrade"},"content":{"rendered":"<div id=\"attachment_2033\" style=\"width: 150px\" class=\"wp-caption alignleft\"><a href=\"http:\/\/meier-gerdingh.de\/wp-spd-ob\/wp-content\/uploads\/real_ulrich_14.jpg\"><img aria-describedby=\"caption-attachment-2033\" decoding=\"async\" class=\"size-full wp-image-2033\" src=\"http:\/\/meier-gerdingh.de\/wp-spd-ob\/wp-content\/uploads\/real_ulrich_14.jpg\" alt=\"\" width=\"140\" height=\"170\" srcset=\"https:\/\/meier-gerdingh.de\/wp-spd-ob\/wp-content\/uploads\/real_ulrich_14.jpg 140w, https:\/\/meier-gerdingh.de\/wp-spd-ob\/wp-content\/uploads\/real_ulrich_14-123x150.jpg 123w\" sizes=\"(max-width: 140px) 100vw, 140px\" \/><\/a><p id=\"caption-attachment-2033\" class=\"wp-caption-text\">Ulrich Real ist planungspolitischer Sprecher der SPD-Fraktion und Bezirksb\u00fcrgermeister von Sterkrade<\/p><\/div>\n<p>Sehr erfreut hat sich der Sterkrader Bezirksb\u00fcrgermeister Ulrich Real (SPD) \u00fcber die Vorlage zur \u00c4nderung des regionalen Fl\u00e4chennutzungsplans gezeigt, die nun in der Sitzung der Bezirksvertretung Sterkrade beraten worden ist. &#8222;Mit diesem Beschluss kommen wir bei der Entwicklung rund um das Gel\u00e4nde der ehemaligen Zeche Sterkrade einen entscheidenden Schritt weiter&#8220;, erl\u00e4utert Real.<!--more--><\/p>\n<p>Urspr\u00fcnglich war in diesem Bereich eine komplette Wohnbebauung vorgesehen. Nun soll dort entsprechend des st\u00e4dtebaulichen Grundsatzbeschlusses des Rates aus dem Jahr 2013 der Aspekt Wohnen erg\u00e4nzt werden um zwei weitere Aspekte: Zum einen soll es eine gr\u00fcne Anbindung an den Volkspark Sterkrade geben durch die \u00d6ffnung und Renaturierung des Alsbachs. Zum anderen soll auf einem Teil des Gel\u00e4ndes ein gr\u00fcnes Gewerbegebiet entstehen.<\/p>\n<p>&#8222;Besonders freue ich mich dar\u00fcber, dass die Ergebnisse des st\u00e4dtebaulichen Schlaun-Wettbewerbs aus dem Jahre 2015 in der weiteren Planung ber\u00fccksichtigt werden sollen&#8220;, sagt Real weiter. &#8222;In diesem Wettbewerb sind viele Ideen aufgezeigt worden, die das Gel\u00e4nde st\u00e4dtebaulich sehr attraktiv machen.&#8220; Die Beschlussfassung soll in der Ratssitzung am 18. Dezember erfolgen.<\/p>\n<p>Wichtig f\u00fcr die weiteren Planungsschritte ist dann zun\u00e4chst der Abschluss des Planfeststellungsverfahrens &#8222;Betuwe&#8220; in diesem Bereich.<\/p>\n","protected":false},"excerpt":{"rendered":"<p>Sehr erfreut hat sich der Sterkrader Bezirksb\u00fcrgermeister Ulrich Real (SPD) \u00fcber die Vorlage zur \u00c4nderung des regionalen Fl\u00e4chennutzungsplans gezeigt, die nun in der Sitzung der Bezirksvertretung Sterkrade beraten worden ist.&hellip; <\/p>\n","protected":false},"author":1,"featured_media":0,"comment_status":"closed","ping_status":"closed","sticky":false,"template":"","format":"standard","meta":{"footnotes":""},"categories":[16,167],"tags":[1420,129,1421,1419,1422,46,344,441],"quellen":[326],"class_list":["post-4907","post","type-post","status-publish","format-standard","hentry","category-stadtentwicklung","category-stadtteile","tag-alsbach","tag-betuwe-linie","tag-gewerbegebiet","tag-regionaler-flaechennutzungsplan","tag-schlaun-wettbewerb","tag-sterkrade","tag-volkspark-sterkrade","tag-zeche-sterkrade","quellen-spd-fraktion-oberhausen"],"_links":{"self":[{"href":"https:\/\/meier-gerdingh.de\/wp-spd-ob\/wp-json\/wp\/v2\/posts\/4907","targetHints":{"allow":["GET"]}}],"collection":[{"href":"https:\/\/meier-gerdingh.de\/wp-spd-ob\/wp-json\/wp\/v2\/posts"}],"about":[{"href":"https:\/\/meier-gerdingh.de\/wp-spd-ob\/wp-json\/wp\/v2\/types\/post"}],"author":[{"embeddable":true,"href":"https:\/\/meier-gerdingh.de\/wp-spd-ob\/wp-json\/wp\/v2\/users\/1"}],"replies":[{"embeddable":true,"href":"https:\/\/meier-gerdingh.de\/wp-spd-ob\/wp-json\/wp\/v2\/comments?post=4907"}],"version-history":[{"count":0,"href":"https:\/\/meier-gerdingh.de\/wp-spd-ob\/wp-json\/wp\/v2\/posts\/4907\/revisions"}],"wp:attachment":[{"href":"https:\/\/meier-gerdingh.de\/wp-spd-ob\/wp-json\/wp\/v2\/media?parent=4907"}],"wp:term":[{"taxonomy":"category","embeddable":true,"href":"https:\/\/meier-gerdingh.de\/wp-spd-ob\/wp-json\/wp\/v2\/categories?post=4907"},{"taxonomy":"post_tag","embeddable":true,"href":"https:\/\/meier-gerdingh.de\/wp-spd-ob\/wp-json\/wp\/v2\/tags?post=4907"},{"taxonomy":"quellen","embeddable":true,"href":"https:\/\/meier-gerdingh.de\/wp-spd-ob\/wp-json\/wp\/v2\/quellen?post=4907"}],"curies":[{"name":"wp","href":"https:\/\/api.w.org\/{rel}","templated":true}]}}