{"id":4918,"date":"2017-12-03T15:15:12","date_gmt":"2017-12-03T14:15:12","guid":{"rendered":"http:\/\/meier-gerdingh.de\/wp-spd-ob\/?p=4918"},"modified":"2017-12-17T20:26:42","modified_gmt":"2017-12-17T19:26:42","slug":"sozialdemokratie-gratuliert-ehepaar-kornelius-zu-gemeinsam-130-jahren-spd-mitgliedschaft","status":"publish","type":"post","link":"https:\/\/meier-gerdingh.de\/wp-spd-ob\/2017\/12\/03\/sozialdemokratie-gratuliert-ehepaar-kornelius-zu-gemeinsam-130-jahren-spd-mitgliedschaft\/","title":{"rendered":"Sozialdemokratie gratuliert Ehepaar Kornelius zu gemeinsam 130 Jahren SPD-Mitgliedschaft"},"content":{"rendered":"<div id=\"attachment_4917\" style=\"width: 910px\" class=\"wp-caption aligncenter\"><a href=\"http:\/\/meier-gerdingh.de\/wp-spd-ob\/wp-content\/uploads\/2017\/12\/jubilarehrung_osterfeld_kornelius.jpg\"><img aria-describedby=\"caption-attachment-4917\" decoding=\"async\" class=\"size-full wp-image-4917\" src=\"http:\/\/meier-gerdingh.de\/wp-spd-ob\/wp-content\/uploads\/2017\/12\/jubilarehrung_osterfeld_kornelius.jpg\" alt=\"\" width=\"900\" height=\"600\" srcset=\"https:\/\/meier-gerdingh.de\/wp-spd-ob\/wp-content\/uploads\/2017\/12\/jubilarehrung_osterfeld_kornelius.jpg 900w, https:\/\/meier-gerdingh.de\/wp-spd-ob\/wp-content\/uploads\/2017\/12\/jubilarehrung_osterfeld_kornelius-300x200.jpg 300w, https:\/\/meier-gerdingh.de\/wp-spd-ob\/wp-content\/uploads\/2017\/12\/jubilarehrung_osterfeld_kornelius-768x512.jpg 768w\" sizes=\"(max-width: 900px) 100vw, 900px\" \/><\/a><p id=\"caption-attachment-4917\" class=\"wp-caption-text\">Michael Groschek, Chef der NRWSPD, MdB Dirk V\u00f6pel, Vorsitzender der Oberhausener SPD, und Thorsten Kamps, Vorsitzender des SPD-Ortsvereins Osterfeld SPD, gratulierten Jupp Kornelius zu 70 Jahren Mitgliedschaft in der deutschen Sozialdemokratie<\/p><\/div>\n<p>In seiner Laudatio betonte Groschek mit tiefem Respekt das Lebenswerk von Jupp (Josef) Kornelius. Der Jubilar, der seit 70 Jahren der Sozialdemokratischen Partei Deutschlands angeh\u00f6rt, pr\u00e4gte die Oberhausener SPD durch sein Wirken als B\u00fcrgermeister, Bezirksvertreter, Mitglied des Fraktionsvorstandes, Bezirksvorsteher und Stadtverordneter.<\/p>\n<p>Lange Zeit f\u00fchrte er auch souver\u00e4n den Personalausschuss in Oberhausen. In seinem Wahlkreis holte Jupp die absolute Mehrheit von mehr als 80 Prozent der Stimmen f\u00fcr die SPD Oberhausen. Der h\u00f6chste Respekt wird ihm bis heute im Rathaus, in der Fraktion und im Rat der Stadt gezollt.<!--more--><\/p>\n<p>Jupp Kornelius ist in der Nachkriegszeit eingetreten, um die SPD und die Wohnungswirtschaft w\u00e4hrend seines gesamten Berufslebens in Oberhausen aufzubauen.<\/p>\n<p>Als Katholiken geh\u00f6rten der heute 93-J\u00e4hrige und seine Frau Wilhelmine damit zu einer Minderheit. In Osterfeld war es zu dieser Zeit f\u00fcr Katholiken eher \u00fcblich, der CDU oder der Zentrums-Partei anzugeh\u00f6ren.<\/p>\n","protected":false},"excerpt":{"rendered":"<p>In seiner Laudatio betonte Groschek mit tiefem Respekt das Lebenswerk von Jupp (Josef) Kornelius. Der Jubilar, der seit 70 Jahren der Sozialdemokratischen Partei Deutschlands angeh\u00f6rt, pr\u00e4gte die Oberhausener SPD durch&hellip; <\/p>\n","protected":false},"author":1,"featured_media":0,"comment_status":"closed","ping_status":"closed","sticky":false,"template":"","format":"standard","meta":{"footnotes":""},"categories":[173],"tags":[261,1423,1424,1194],"quellen":[339],"class_list":["post-4918","post","type-post","status-publish","format-standard","hentry","category-parteileben","tag-jubilarehrung","tag-jubilarehrung-ov-osterfeld","tag-jupp-kornelius","tag-michael-groschek","quellen-ov-osterfeld"],"_links":{"self":[{"href":"https:\/\/meier-gerdingh.de\/wp-spd-ob\/wp-json\/wp\/v2\/posts\/4918","targetHints":{"allow":["GET"]}}],"collection":[{"href":"https:\/\/meier-gerdingh.de\/wp-spd-ob\/wp-json\/wp\/v2\/posts"}],"about":[{"href":"https:\/\/meier-gerdingh.de\/wp-spd-ob\/wp-json\/wp\/v2\/types\/post"}],"author":[{"embeddable":true,"href":"https:\/\/meier-gerdingh.de\/wp-spd-ob\/wp-json\/wp\/v2\/users\/1"}],"replies":[{"embeddable":true,"href":"https:\/\/meier-gerdingh.de\/wp-spd-ob\/wp-json\/wp\/v2\/comments?post=4918"}],"version-history":[{"count":0,"href":"https:\/\/meier-gerdingh.de\/wp-spd-ob\/wp-json\/wp\/v2\/posts\/4918\/revisions"}],"wp:attachment":[{"href":"https:\/\/meier-gerdingh.de\/wp-spd-ob\/wp-json\/wp\/v2\/media?parent=4918"}],"wp:term":[{"taxonomy":"category","embeddable":true,"href":"https:\/\/meier-gerdingh.de\/wp-spd-ob\/wp-json\/wp\/v2\/categories?post=4918"},{"taxonomy":"post_tag","embeddable":true,"href":"https:\/\/meier-gerdingh.de\/wp-spd-ob\/wp-json\/wp\/v2\/tags?post=4918"},{"taxonomy":"quellen","embeddable":true,"href":"https:\/\/meier-gerdingh.de\/wp-spd-ob\/wp-json\/wp\/v2\/quellen?post=4918"}],"curies":[{"name":"wp","href":"https:\/\/api.w.org\/{rel}","templated":true}]}}