{"id":492,"date":"2006-02-07T17:00:00","date_gmt":"2006-02-07T15:00:00","guid":{"rendered":"http:\/\/www.meier-gerdingh.de\/spd-oberhausen\/wp\/?p=492"},"modified":"2017-05-14T09:49:39","modified_gmt":"2017-05-14T07:49:39","slug":"spd-fraktion-will-zusaetzliche-foerderung-fuer-kinder-mit-erheblicher-lese-und-rechtsschreibschwaeche","status":"publish","type":"post","link":"https:\/\/meier-gerdingh.de\/wp-spd-ob\/2006\/02\/07\/spd-fraktion-will-zusaetzliche-foerderung-fuer-kinder-mit-erheblicher-lese-und-rechtsschreibschwaeche\/","title":{"rendered":"SPD-Fraktion will zus\u00e4tzliche F\u00f6rderung f\u00fcr Kinder mit erheblicher Lese- und Rechtsschreibschw\u00e4che"},"content":{"rendered":"<div style=\"width: 150px\" class=\"wp-caption alignleft\"><a href=\"http:\/\/meier-gerdingh.de\/wp-spd-ob\/wp-content\/uploads\/motschull_frank.jpg\"><img decoding=\"async\" class=\"size-full\" src=\"http:\/\/meier-gerdingh.de\/wp-spd-ob\/wp-content\/uploads\/motschull_frank.jpg\" alt=\"Frank Motschull ist sozialpolitischer Sprecher der SPD-Fraktion\" width=\"140\" height=\"191\" \/><\/a><p class=\"wp-caption-text\">Frank Motschull ist sozialpolitischer Sprecher der SPD-Fraktion<\/p><\/div>\n<p>Zur n\u00e4chsten Sitzung des Jugendhilfeausschusses hat die SPD-Fraktion beantragt, dass durch eine enge Kooperation von Jugendhilfe und Schule ein neues F\u00f6rderkonzept aufgelegt werden soll: Grundschulkinder, die unter Legasthenie leiden, sollen eine zus\u00e4tzliche Rechtschreib- und Lesef\u00f6rderung erhalten. &#8222;Wir erwarten,&#8220; so erl\u00e4utert Frank Motschull, sozialpolitischer Sprecher der SPD-Fraktion, &#8222;dass die Verwaltung aus vorhandenen Haushaltstiteln und unter angemessener finanzieller Beteiligung betroffener Eltern bereits im aktuellen Jahr mit einem gezielten F\u00f6rderprogramm f\u00fcr diese Kinder beginnen wird.&#8220;<!--more--><\/p>\n<p>Die SPD-Jugendpolitiker, die mit diesem Einstieg in ein neues F\u00f6rderprogramm einen weiteren wichtigen Beitrag zur Sozialen Stadt auf den Weg bringen, sehen verschiedene Ansatzpunkte, wie eine die Grundschule erg\u00e4nzende Unterst\u00fctzung ausgestaltet werden kann. Neben einem zus\u00e4tzlichen F\u00f6rderangebot f\u00fcr die betroffenen Kinder sollen nach ersten \u00dcberlegungen Lehrerinnen und Lehrer weiter qualifiziert werden.<\/p>\n<p>&#8222;Besonders wichtig ist,&#8220; erg\u00e4nzt Thomas Di\u00dfelmeyer, Fraktionssprecher im Jugendhilfeausschuss, &#8222;in alle F\u00f6rderma\u00dfnahmen die Eltern unmittelbar einzubeziehen.&#8220; Aus Sicht der Sozialdemokraten ist daher die Schulung betroffener Eltern ein elementarer Baustein, damit ihnen Kompetenzen zur eigenst\u00e4ndigen Unterst\u00fctzung ihrer Kinder vermittelt werden.<\/p>\n<p>Zum weiteren Ablauf erwarten die SPD-Jugendpolitiker, dass nach einer Beschlussfassung zum Antrag in der kommende Woche schon in der n\u00e4chsten Jugendhilfeausschusssitzung im April auf Grundlage einer qualifizierten Verwaltungsvorlage das notwendige F\u00f6rderprogramm gestartet werden kann.<\/p>\n","protected":false},"excerpt":{"rendered":"<p>Zur n\u00e4chsten Sitzung des Jugendhilfeausschusses hat die SPD-Fraktion beantragt, dass durch eine enge Kooperation von Jugendhilfe und Schule ein neues F\u00f6rderkonzept aufgelegt werden soll: Grundschulkinder, die unter Legasthenie leiden, sollen&hellip; <\/p>\n","protected":false},"author":1,"featured_media":0,"comment_status":"closed","ping_status":"closed","sticky":false,"template":"","format":"standard","meta":{"footnotes":""},"categories":[1],"tags":[],"quellen":[],"class_list":["post-492","post","type-post","status-publish","format-standard","hentry","category-allgemein"],"_links":{"self":[{"href":"https:\/\/meier-gerdingh.de\/wp-spd-ob\/wp-json\/wp\/v2\/posts\/492","targetHints":{"allow":["GET"]}}],"collection":[{"href":"https:\/\/meier-gerdingh.de\/wp-spd-ob\/wp-json\/wp\/v2\/posts"}],"about":[{"href":"https:\/\/meier-gerdingh.de\/wp-spd-ob\/wp-json\/wp\/v2\/types\/post"}],"author":[{"embeddable":true,"href":"https:\/\/meier-gerdingh.de\/wp-spd-ob\/wp-json\/wp\/v2\/users\/1"}],"replies":[{"embeddable":true,"href":"https:\/\/meier-gerdingh.de\/wp-spd-ob\/wp-json\/wp\/v2\/comments?post=492"}],"version-history":[{"count":0,"href":"https:\/\/meier-gerdingh.de\/wp-spd-ob\/wp-json\/wp\/v2\/posts\/492\/revisions"}],"wp:attachment":[{"href":"https:\/\/meier-gerdingh.de\/wp-spd-ob\/wp-json\/wp\/v2\/media?parent=492"}],"wp:term":[{"taxonomy":"category","embeddable":true,"href":"https:\/\/meier-gerdingh.de\/wp-spd-ob\/wp-json\/wp\/v2\/categories?post=492"},{"taxonomy":"post_tag","embeddable":true,"href":"https:\/\/meier-gerdingh.de\/wp-spd-ob\/wp-json\/wp\/v2\/tags?post=492"},{"taxonomy":"quellen","embeddable":true,"href":"https:\/\/meier-gerdingh.de\/wp-spd-ob\/wp-json\/wp\/v2\/quellen?post=492"}],"curies":[{"name":"wp","href":"https:\/\/api.w.org\/{rel}","templated":true}]}}