{"id":4929,"date":"2017-12-23T16:24:05","date_gmt":"2017-12-23T15:24:05","guid":{"rendered":"http:\/\/meier-gerdingh.de\/wp-spd-ob\/?p=4929"},"modified":"2018-07-27T14:36:39","modified_gmt":"2018-07-27T12:36:39","slug":"4929","status":"publish","type":"post","link":"https:\/\/meier-gerdingh.de\/wp-spd-ob\/2017\/12\/23\/4929\/","title":{"rendered":"OV Mitte ehrt Jubilare"},"content":{"rendered":"<div id=\"attachment_4923\" style=\"width: 730px\" class=\"wp-caption aligncenter\"><a href=\"http:\/\/meier-gerdingh.de\/wp-spd-ob\/wp-content\/uploads\/2018\/01\/ov_mitte_jubilare_2017_lg.jpg\"><img aria-describedby=\"caption-attachment-4923\" decoding=\"async\" class=\"size-full wp-image-4923\" src=\"http:\/\/meier-gerdingh.de\/wp-spd-ob\/wp-content\/uploads\/2018\/01\/ov_mitte_jubilare_2017.jpg\" alt=\"\" width=\"720\" height=\"333\" srcset=\"https:\/\/meier-gerdingh.de\/wp-spd-ob\/wp-content\/uploads\/2018\/01\/ov_mitte_jubilare_2017.jpg 720w, https:\/\/meier-gerdingh.de\/wp-spd-ob\/wp-content\/uploads\/2018\/01\/ov_mitte_jubilare_2017-300x139.jpg 300w\" sizes=\"(max-width: 720px) 100vw, 720px\" \/><\/a><p id=\"caption-attachment-4923\" class=\"wp-caption-text\">Im Rahmen seiner Weihnachtsfeier ehrte der OV-Mitte auch seine Jubilare<\/p><\/div>\n<p>Im Zuge seiner Weihnachtsfeier hat der SPD-Ortsverein Oberhausen-Mitte am Donnerstagabend in der Theater-Gastst\u00e4tte Falstaff auch seine Jubilarehrung durchgef\u00fchrt.<!--more--><\/p>\n<p>Folgende Genossen wurden f\u00fcr ihre langj\u00e4hrige Mitgliedschaft und besonderen Leistungen gew\u00fcrdigt:<\/p>\n<p><em>Vlnr.: Werner Perz (Tr\u00e4ger der Willy-Brandt-Medaille), Peter Blanke (50 Jr.), Dirk V\u00f6pel (MdB), Werner Elsinghorst (50 Jr.), Axel J. Scherer (Vorsitzender), Thomas Grubenbecher (25 Jr.), Hans-Joachim Maus (50 Jr.), Hardy Borgsm\u00fcller (25 Jr.), Rolf Staecker (40 Jr.) und Egon Look (40 Jr.).<\/em><\/p>\n","protected":false},"excerpt":{"rendered":"<p>Im Zuge seiner Weihnachtsfeier hat der SPD-Ortsverein Oberhausen-Mitte am Donnerstagabend in der Theater-Gastst\u00e4tte Falstaff auch seine Jubilarehrung durchgef\u00fchrt.<\/p>\n","protected":false},"author":1,"featured_media":0,"comment_status":"closed","ping_status":"closed","sticky":false,"template":"","format":"standard","meta":{"footnotes":""},"categories":[173],"tags":[261,1447],"quellen":[333],"class_list":["post-4929","post","type-post","status-publish","format-standard","hentry","category-parteileben","tag-jubilarehrung","tag-jubilarehrung-ov-mitte","quellen-ov-mitte"],"_links":{"self":[{"href":"https:\/\/meier-gerdingh.de\/wp-spd-ob\/wp-json\/wp\/v2\/posts\/4929","targetHints":{"allow":["GET"]}}],"collection":[{"href":"https:\/\/meier-gerdingh.de\/wp-spd-ob\/wp-json\/wp\/v2\/posts"}],"about":[{"href":"https:\/\/meier-gerdingh.de\/wp-spd-ob\/wp-json\/wp\/v2\/types\/post"}],"author":[{"embeddable":true,"href":"https:\/\/meier-gerdingh.de\/wp-spd-ob\/wp-json\/wp\/v2\/users\/1"}],"replies":[{"embeddable":true,"href":"https:\/\/meier-gerdingh.de\/wp-spd-ob\/wp-json\/wp\/v2\/comments?post=4929"}],"version-history":[{"count":0,"href":"https:\/\/meier-gerdingh.de\/wp-spd-ob\/wp-json\/wp\/v2\/posts\/4929\/revisions"}],"wp:attachment":[{"href":"https:\/\/meier-gerdingh.de\/wp-spd-ob\/wp-json\/wp\/v2\/media?parent=4929"}],"wp:term":[{"taxonomy":"category","embeddable":true,"href":"https:\/\/meier-gerdingh.de\/wp-spd-ob\/wp-json\/wp\/v2\/categories?post=4929"},{"taxonomy":"post_tag","embeddable":true,"href":"https:\/\/meier-gerdingh.de\/wp-spd-ob\/wp-json\/wp\/v2\/tags?post=4929"},{"taxonomy":"quellen","embeddable":true,"href":"https:\/\/meier-gerdingh.de\/wp-spd-ob\/wp-json\/wp\/v2\/quellen?post=4929"}],"curies":[{"name":"wp","href":"https:\/\/api.w.org\/{rel}","templated":true}]}}