{"id":493,"date":"2006-02-14T17:00:00","date_gmt":"2006-02-14T15:00:00","guid":{"rendered":"http:\/\/www.meier-gerdingh.de\/spd-oberhausen\/wp\/?p=493"},"modified":"2017-05-14T09:49:23","modified_gmt":"2017-05-14T07:49:23","slug":"oberhausen-setzt-auf-eigene-kraft","status":"publish","type":"post","link":"https:\/\/meier-gerdingh.de\/wp-spd-ob\/2006\/02\/14\/oberhausen-setzt-auf-eigene-kraft\/","title":{"rendered":"Oberhausen setzt auf eigene Kraft"},"content":{"rendered":"<div style=\"width: 150px\" class=\"wp-caption alignleft\"><a href=\"http:\/\/meier-gerdingh.de\/wp-spd-ob\/wp-content\/uploads\/wehling_ob.jpg\"><img decoding=\"async\" class=\"size-full\" src=\"http:\/\/meier-gerdingh.de\/wp-spd-ob\/wp-content\/uploads\/wehling_ob.jpg\" alt=\"Oberhausens Oberb\u00fcrgermeister Klaus Wehling\" width=\"140\" height=\"172\" \/><\/a><p class=\"wp-caption-text\">Oberhausens Oberb\u00fcrgermeister Klaus Wehling<\/p><\/div>\n<p>Oberb\u00fcrgermeister Klaus Wehling referierte in der Jahreshauptversammlung der SPD Oberhausen-Ost \u00fcber die Gestaltungsm\u00f6glichkeiten der Kommunalpolitik. Zwei konkrete Erfahrungen dienten ihm als Leitlinien: Der Br\u00fcckenbau an der Ripshorster Stra\u00dfe in Oberhausen-Dellwig und das Scheitern von O.VISION.<!--more--><\/p>\n<p>Besonders befremdlich empfand der Oberb\u00fcrgermeister den Versuch der CDU, den bevorstehenden Br\u00fcckenneubau als ihren Verdienst darzustellen. Die Fakten s\u00e4hen da ganz anders aus: Vielmehr habe die Oberhausener Stadtspitze alle Voraussetzungen geschaffen, um eine neue Br\u00fccke bauen und die Stadtgrenze mit Essen hinter die Br\u00fccke verlegen zu k\u00f6nnen. Auch die Bezirksregierung habe dies anerkannt, denn der Br\u00fcckenbau stehe jetzt auf Platz 1 der von Oberhausen beantragten Bauma\u00dfnahmen. Die Stadt Essen jedoch habe sich lange Zeit z\u00f6gerlich verhalten, da nur auf einer Seite der Br\u00fccke Essener wohnen. Hier h\u00e4tte die Oberhausener CDU im Interesse der Dellwiger B\u00fcrgerinnen und B\u00fcrger vermitteln m\u00fcssen und ein Gespr\u00e4ch mit der Essener Stadtspitze herbeif\u00fchren k\u00f6nnen. Au\u00dfer ein paar Schau-Terminen im Wahlkampf habe sie jedoch rein gar nichts unternommen. &#8222;Die B\u00fcrger wissen sehr genau, wer sich hier mit fremden Federn schm\u00fcckt&#8220;, erkl\u00e4rte der Ortsvereinsvorsitzende Frank Motschull mit Blick &#8222;auf die Trittbrettfahrer von der CDU. Gerade die Dellwiger SPD-Stadtverordnete Walburga Grunauer hat sich von Anbeginn im B\u00fcrgerverein und in den kommunalen Gremien f\u00fcr den Neubau der Br\u00fccke stark gemacht.&#8220;<\/p>\n<p>Die Entscheidung des Landes gegen O.VISION bezeichnete Oberb\u00fcrgermeister Wehling als politisch gepr\u00e4gte Entscheidung des Landes gegen Oberhausen. Es seien bis heute keine \u00fcberzeugenden sachlichen Argumente gegen das Projekt vorgebracht worden. Besonders bedenklich ist f\u00fcr den Oberb\u00fcrgermeister, dass dies nur das deutlichste Zeichen f\u00fcr den geringen Stellenwert sei, den eine aktive Politik f\u00fcr das Ruhrgebiet bei der Landesregierung genie\u00dfe.<\/p>\n<p>Diese Erfahrung lehre, dass Oberhausen in Zukunft noch st\u00e4rker auf die Kraft seiner eigenen M\u00f6glichkeiten setzen m\u00fcsse. Das k\u00f6nne die Stadt auch, denn mit der Neuen Mitte Oberhausen sei ein erstklassiger Gewerbestandort im Ruhrgebiet geschaffen. Deshalb bestehe Zuversicht f\u00fcr die erfolgreiche Vermarktung der ehemaligen Stahlwerksfl\u00e4che. Zugleich wolle Oberhausen gegen\u00fcber dem Land selbstbewusst und sachorientiert auftreten. Die geplante Stra\u00dfenbahn von der Neuen Mitte \u00fcber das Stahlwerksgel\u00e4nde nach Essen sei ein hervorragendes Beispiel daf\u00fcr, dass Oberhausen sich im Konsens mit der Region &#8211; hier Essen und M\u00fclheim &#8211; befinde, weil auch die Nachbarst\u00e4dte davon profitieren w\u00fcrden. Deshalb werde die Stadt beim Land weiter nachdr\u00fccklich f\u00fcr den Bau der Stra\u00dfenbahn eintreten.<\/p>\n<p>Im Verlaufe der Jahreshauptversammlung w\u00e4hlte der SPD-Ortsverein Oberhausen-Ost seine 26 Delegierten zu den Unterbezirksparteitagen. Dies sind: Klaus Wehling, Michael Groschek, Frank Motschull, Horst Wolter, Hans-Georg-Po\u00df, Hartwig Kompa, Magnus Dellwig, Walburga Grunauer, Dorothee Radtke, Ingrid Savilius, Klaus Knichel, Erwin Stroh, Horst Fassbender, Nicole Kenzer, Margit Klein, Klaus Oberschewen, Rene Pascheberg, Anke Eisermann, Friedhelm Pascheberg, Corinna Behrends, Uly Stroh, Erik Fechner, Rosi Groschek, Harald Schwab, D\u00f6rte Delberg-Ziepke, Ulrike Will. Weitere 15 Ortsvereinsmitglieder wurden zu Ersatzdelegierten gew\u00e4hlt.<\/p>\n","protected":false},"excerpt":{"rendered":"<p>Oberb\u00fcrgermeister Klaus Wehling referierte in der Jahreshauptversammlung der SPD Oberhausen-Ost \u00fcber die Gestaltungsm\u00f6glichkeiten der Kommunalpolitik. Zwei konkrete Erfahrungen dienten ihm als Leitlinien: Der Br\u00fcckenbau an der Ripshorster Stra\u00dfe in Oberhausen-Dellwig&hellip; <\/p>\n","protected":false},"author":1,"featured_media":0,"comment_status":"closed","ping_status":"closed","sticky":false,"template":"","format":"standard","meta":{"footnotes":""},"categories":[1],"tags":[],"quellen":[],"class_list":["post-493","post","type-post","status-publish","format-standard","hentry","category-allgemein"],"_links":{"self":[{"href":"https:\/\/meier-gerdingh.de\/wp-spd-ob\/wp-json\/wp\/v2\/posts\/493","targetHints":{"allow":["GET"]}}],"collection":[{"href":"https:\/\/meier-gerdingh.de\/wp-spd-ob\/wp-json\/wp\/v2\/posts"}],"about":[{"href":"https:\/\/meier-gerdingh.de\/wp-spd-ob\/wp-json\/wp\/v2\/types\/post"}],"author":[{"embeddable":true,"href":"https:\/\/meier-gerdingh.de\/wp-spd-ob\/wp-json\/wp\/v2\/users\/1"}],"replies":[{"embeddable":true,"href":"https:\/\/meier-gerdingh.de\/wp-spd-ob\/wp-json\/wp\/v2\/comments?post=493"}],"version-history":[{"count":0,"href":"https:\/\/meier-gerdingh.de\/wp-spd-ob\/wp-json\/wp\/v2\/posts\/493\/revisions"}],"wp:attachment":[{"href":"https:\/\/meier-gerdingh.de\/wp-spd-ob\/wp-json\/wp\/v2\/media?parent=493"}],"wp:term":[{"taxonomy":"category","embeddable":true,"href":"https:\/\/meier-gerdingh.de\/wp-spd-ob\/wp-json\/wp\/v2\/categories?post=493"},{"taxonomy":"post_tag","embeddable":true,"href":"https:\/\/meier-gerdingh.de\/wp-spd-ob\/wp-json\/wp\/v2\/tags?post=493"},{"taxonomy":"quellen","embeddable":true,"href":"https:\/\/meier-gerdingh.de\/wp-spd-ob\/wp-json\/wp\/v2\/quellen?post=493"}],"curies":[{"name":"wp","href":"https:\/\/api.w.org\/{rel}","templated":true}]}}