{"id":495,"date":"2006-02-16T17:00:00","date_gmt":"2006-02-16T15:00:00","guid":{"rendered":"http:\/\/www.meier-gerdingh.de\/spd-oberhausen\/wp\/?p=495"},"modified":"2017-05-14T09:47:47","modified_gmt":"2017-05-14T07:47:47","slug":"verbraucher-muessen-vom-wettbewerb-auf-dem-gasmarkt-davon-profitieren","status":"publish","type":"post","link":"https:\/\/meier-gerdingh.de\/wp-spd-ob\/2006\/02\/16\/verbraucher-muessen-vom-wettbewerb-auf-dem-gasmarkt-davon-profitieren\/","title":{"rendered":"Verbraucher m\u00fcssen vom Wettbewerb auf dem Gasmarkt davon profitieren"},"content":{"rendered":"<div style=\"width: 150px\" class=\"wp-caption alignleft\"><a href=\"http:\/\/meier-gerdingh.de\/wp-spd-ob\/wp-content\/uploads\/grotthaus_05.jpg\"><img decoding=\"async\" class=\"size-full\" src=\"http:\/\/meier-gerdingh.de\/wp-spd-ob\/wp-content\/uploads\/grotthaus_05.jpg\" alt=\"Wolfgang Grotthaus ist Mitglied des Deutschen Bundestags f\u00fcr den Wahlkreis Oberhausen und stellvertretender Vorsitzender der Oberhausener SPD\" width=\"140\" height=\"176\" \/><\/a><p class=\"wp-caption-text\">Wolfgang Grotthaus ist Mitglied des Deutschen Bundestags f\u00fcr den Wahlkreis Oberhausen und stellvertretender Vorsitzender der Oberhausener SPD<\/p><\/div>\n<p><i>Zur \u00d6ffnung des Gasmarktes bereits ab dem 1. April 2006 erkl\u00e4rt der SPD-Bundestagsabgeordnete Wolfgang Grotthaus, Mitglied der AG Energie und zust\u00e4ndiger Berichterstatter im Ausschuss f\u00fcr Arbeit und Soziales:<\/i><\/p>\n<p>Sieben Gasunternehmen haben sich in Reaktion auf die laufenden Missbrauchsverfahren entschlossen, den Markt im Bereich der Gasversorgung bereits ab 1. April dieses Jahres zu \u00f6ffnen. Das Bundeskartellamt hat daraufhin die Missbrauchsverfahren gegen die Unternehmen wegen \u00fcberh\u00f6hter Endkundenpreise eingestellt. Durch diese Entscheidung wird ein weiterer Schritt in Richtung Wettbewerb im Gasversorgungsmarkt gegangen.<!--more--><\/p>\n<p>Verbraucherinnen und Verbraucher erhalten damit perspektivisch die M\u00f6glichkeit, ihren Gasversorger zuk\u00fcnftig genauso frei w\u00e4hlen zu k\u00f6nnen wie sie es im Strombereich bereits k\u00f6nnen oder bei ihren Telefonanbietern. Dieser entstehende Wettbewerb muss auch zu einem Preiswettbewerb f\u00fchren, von dem die Verbraucherinnen und Verbraucher durch niedrigere Endkundenpreise profitieren.<\/p>\n<p>Diese Neuregelung des Gasmarktes ist eine wichtige Stufe zu mehr Preiswettbewerb. Sicher w\u00e4re es ein falsches Versprechen, wenn man Verbraucherinnen und Verbrauchern in k\u00fcrzester Zeit niedrigere Versorgungspreise garantieren w\u00fcrde. Die \u00d6ffnung wird indes mehr und mehr Anbieter in den Markt bringen und die Wahlm\u00f6glichkeiten der Endverbraucher allm\u00e4hlich verbessern.<\/p>\n<p>Im Bereich des Gasmarktes m\u00fcssen auf dem Weg zu g\u00fcnstigeren Endkundenpreisen zwei Felsen zur Seite ger\u00e4umt werden:<br \/>\n&#8211; Noch immer ist der Gaspreis an den \u00d6lpreis gekoppelt. Dies ist nicht mehr gerechtfertigt.<br \/>\n&#8211; Die Dauer der Liefervertr\u00e4ge zwischen den Anbietern und den Verteilerunternehmen muss reduziert werden.<\/p>\n<p>Die Verbraucherinnen und Verbraucher m\u00fcssen jetzt von den Wahlm\u00f6glichkeiten auch Gebrauch machen. Damit tragen sie dazu bei, einen funktionierenden Gasmarkt zu etablieren.<\/p>\n","protected":false},"excerpt":{"rendered":"<p>Zur \u00d6ffnung des Gasmarktes bereits ab dem 1. April 2006 erkl\u00e4rt der SPD-Bundestagsabgeordnete Wolfgang Grotthaus, Mitglied der AG Energie und zust\u00e4ndiger Berichterstatter im Ausschuss f\u00fcr Arbeit und Soziales: Sieben Gasunternehmen&hellip; <\/p>\n","protected":false},"author":1,"featured_media":0,"comment_status":"closed","ping_status":"closed","sticky":false,"template":"","format":"standard","meta":{"footnotes":""},"categories":[1],"tags":[],"quellen":[],"class_list":["post-495","post","type-post","status-publish","format-standard","hentry","category-allgemein"],"_links":{"self":[{"href":"https:\/\/meier-gerdingh.de\/wp-spd-ob\/wp-json\/wp\/v2\/posts\/495","targetHints":{"allow":["GET"]}}],"collection":[{"href":"https:\/\/meier-gerdingh.de\/wp-spd-ob\/wp-json\/wp\/v2\/posts"}],"about":[{"href":"https:\/\/meier-gerdingh.de\/wp-spd-ob\/wp-json\/wp\/v2\/types\/post"}],"author":[{"embeddable":true,"href":"https:\/\/meier-gerdingh.de\/wp-spd-ob\/wp-json\/wp\/v2\/users\/1"}],"replies":[{"embeddable":true,"href":"https:\/\/meier-gerdingh.de\/wp-spd-ob\/wp-json\/wp\/v2\/comments?post=495"}],"version-history":[{"count":0,"href":"https:\/\/meier-gerdingh.de\/wp-spd-ob\/wp-json\/wp\/v2\/posts\/495\/revisions"}],"wp:attachment":[{"href":"https:\/\/meier-gerdingh.de\/wp-spd-ob\/wp-json\/wp\/v2\/media?parent=495"}],"wp:term":[{"taxonomy":"category","embeddable":true,"href":"https:\/\/meier-gerdingh.de\/wp-spd-ob\/wp-json\/wp\/v2\/categories?post=495"},{"taxonomy":"post_tag","embeddable":true,"href":"https:\/\/meier-gerdingh.de\/wp-spd-ob\/wp-json\/wp\/v2\/tags?post=495"},{"taxonomy":"quellen","embeddable":true,"href":"https:\/\/meier-gerdingh.de\/wp-spd-ob\/wp-json\/wp\/v2\/quellen?post=495"}],"curies":[{"name":"wp","href":"https:\/\/api.w.org\/{rel}","templated":true}]}}