{"id":4963,"date":"2018-01-19T16:43:03","date_gmt":"2018-01-19T15:43:03","guid":{"rendered":"http:\/\/meier-gerdingh.de\/wp-spd-ob\/?p=4963"},"modified":"2018-01-22T17:15:13","modified_gmt":"2018-01-22T16:15:13","slug":"spd-forciert-anstrengungen-fuer-gemeinsame-dienststelle-von-polizei-und-kommunalem-ordnungsdienst","status":"publish","type":"post","link":"https:\/\/meier-gerdingh.de\/wp-spd-ob\/2018\/01\/19\/spd-forciert-anstrengungen-fuer-gemeinsame-dienststelle-von-polizei-und-kommunalem-ordnungsdienst\/","title":{"rendered":"SPD forciert Anstrengungen f\u00fcr gemeinsame Dienststelle von Polizei und kommunalem Ordnungsdienst"},"content":{"rendered":"<div id=\"attachment_1359\" style=\"width: 150px\" class=\"wp-caption alignleft\"><a href=\"http:\/\/meier-gerdingh.de\/wp-spd-ob\/wp-content\/uploads\/flore_manfred_14.jpg\"><img aria-describedby=\"caption-attachment-1359\" decoding=\"async\" class=\"size-full wp-image-1359\" src=\"http:\/\/meier-gerdingh.de\/wp-spd-ob\/wp-content\/uploads\/flore_manfred_14.jpg\" alt=\"\" width=\"140\" height=\"169\" \/><\/a><p id=\"caption-attachment-1359\" class=\"wp-caption-text\">Manfred Flore ist umweltpolitischer Sprecher der SPD-Fraktion<\/p><\/div>\n<p>An einem gemeinsamen Standort sollen Polizei und kommunaler Ordnungsdienst im Bereich des Altmarkts und der unteren Markstra\u00dfe Pr\u00e4senz zeigen und so das Sicherheitsgef\u00fchl der Anwohner und Passanten st\u00e4rken. Diese sicherheitspolitische Forderung der SPD-Ratsfraktion hat deren umweltpolitischer Sprecher, Manfred Flore, in Gespr\u00e4chen mit dem Ordnungsdezernenten Frank Motschull und Polizeipr\u00e4sident Ingolf M\u00f6hring diskutiert.<!--more--><\/p>\n<p>&#8222;Wir greifen mit diesem Vorschlag das von vielen B\u00fcrgern angesprochene Thema der mangelnden Sicherheit am Altmarkt auf. Ein fester Standort f\u00fcr die Sicherheitskr\u00e4fte von Polizei und Stadt ist in diesem Bereich f\u00fcr uns dringend geboten&#8220;, erkl\u00e4rt Flore, stellvertretender Vorsitzender des Polizeibeirats.<\/p>\n<p>Die Gespr\u00e4che, die Flore jeweils mit Motschull und M\u00f6hring gef\u00fchrt hat, h\u00e4tten gezeigt, dass sowohl Stadt als auch Polizei bereit seien, gemeinsam f\u00fcr mehr Pr\u00e4senz vor Ort zu sorgen. In entsprechenden R\u00e4umlichkeiten k\u00f6nnten dann auch das Kommissariat Vorbeugung sowie Personal der mobilen Wache einen neuen Standort finden, so ein Vorschlag des Polizeipr\u00e4sidenten M\u00f6hring. &#8222;Das w\u00e4re eine richtig gute L\u00f6sung im Sinne der B\u00fcrger&#8220;, erkl\u00e4rt Manfred Flore abschlie\u00dfend.<\/p>\n","protected":false},"excerpt":{"rendered":"<p>An einem gemeinsamen Standort sollen Polizei und kommunaler Ordnungsdienst im Bereich des Altmarkts und der unteren Markstra\u00dfe Pr\u00e4senz zeigen und so das Sicherheitsgef\u00fchl der Anwohner und Passanten st\u00e4rken. Diese sicherheitspolitische&hellip; <\/p>\n","protected":false},"author":1,"featured_media":0,"comment_status":"closed","ping_status":"closed","sticky":false,"template":"","format":"standard","meta":{"footnotes":""},"categories":[7],"tags":[1440,277,1082,1442,498,1320],"quellen":[326],"class_list":["post-4963","post","type-post","status-publish","format-standard","hentry","category-sicherheit","tag-altmarkt","tag-kommunaler-ordnungsdienst","tag-marktstrasse","tag-mobile-wache","tag-polizei-oberhausen","tag-polizeibeirat-oberhausen","quellen-spd-fraktion-oberhausen"],"_links":{"self":[{"href":"https:\/\/meier-gerdingh.de\/wp-spd-ob\/wp-json\/wp\/v2\/posts\/4963","targetHints":{"allow":["GET"]}}],"collection":[{"href":"https:\/\/meier-gerdingh.de\/wp-spd-ob\/wp-json\/wp\/v2\/posts"}],"about":[{"href":"https:\/\/meier-gerdingh.de\/wp-spd-ob\/wp-json\/wp\/v2\/types\/post"}],"author":[{"embeddable":true,"href":"https:\/\/meier-gerdingh.de\/wp-spd-ob\/wp-json\/wp\/v2\/users\/1"}],"replies":[{"embeddable":true,"href":"https:\/\/meier-gerdingh.de\/wp-spd-ob\/wp-json\/wp\/v2\/comments?post=4963"}],"version-history":[{"count":0,"href":"https:\/\/meier-gerdingh.de\/wp-spd-ob\/wp-json\/wp\/v2\/posts\/4963\/revisions"}],"wp:attachment":[{"href":"https:\/\/meier-gerdingh.de\/wp-spd-ob\/wp-json\/wp\/v2\/media?parent=4963"}],"wp:term":[{"taxonomy":"category","embeddable":true,"href":"https:\/\/meier-gerdingh.de\/wp-spd-ob\/wp-json\/wp\/v2\/categories?post=4963"},{"taxonomy":"post_tag","embeddable":true,"href":"https:\/\/meier-gerdingh.de\/wp-spd-ob\/wp-json\/wp\/v2\/tags?post=4963"},{"taxonomy":"quellen","embeddable":true,"href":"https:\/\/meier-gerdingh.de\/wp-spd-ob\/wp-json\/wp\/v2\/quellen?post=4963"}],"curies":[{"name":"wp","href":"https:\/\/api.w.org\/{rel}","templated":true}]}}