{"id":4965,"date":"2018-01-22T16:53:48","date_gmt":"2018-01-22T15:53:48","guid":{"rendered":"http:\/\/meier-gerdingh.de\/wp-spd-ob\/?p=4965"},"modified":"2018-01-22T17:04:49","modified_gmt":"2018-01-22T16:04:49","slug":"besuch-der-fasia-jansen-gesamtschule-im-landtag","status":"publish","type":"post","link":"https:\/\/meier-gerdingh.de\/wp-spd-ob\/2018\/01\/22\/besuch-der-fasia-jansen-gesamtschule-im-landtag\/","title":{"rendered":"Besuch der Fasia-Jansen-Gesamtschule im Landtag"},"content":{"rendered":"<div id=\"attachment_4961\" style=\"width: 644px\" class=\"wp-caption aligncenter\"><a href=\"http:\/\/meier-gerdingh.de\/wp-spd-ob\/wp-content\/uploads\/2018\/01\/lt_besuch_fasia_jansen.jpg\"><img aria-describedby=\"caption-attachment-4961\" decoding=\"async\" class=\"size-full wp-image-4961\" src=\"http:\/\/meier-gerdingh.de\/wp-spd-ob\/wp-content\/uploads\/2018\/01\/lt_besuch_fasia_jansen.jpg\" alt=\"\" width=\"634\" height=\"355\" srcset=\"https:\/\/meier-gerdingh.de\/wp-spd-ob\/wp-content\/uploads\/2018\/01\/lt_besuch_fasia_jansen.jpg 634w, https:\/\/meier-gerdingh.de\/wp-spd-ob\/wp-content\/uploads\/2018\/01\/lt_besuch_fasia_jansen-300x168.jpg 300w\" sizes=\"(max-width: 634px) 100vw, 634px\" \/><\/a><p id=\"caption-attachment-4961\" class=\"wp-caption-text\">Hatten jede Menge Fragen im Gep\u00e4ck. Sch\u00fclerinnen und Sch\u00fcler des 11.\u00a0Jahrgangs der Fasia-Jansen-Gesamtschule bei ihrem heutigen Besuch im Landtag von Nordrhein-Westfalen<\/p><\/div>\n<p>73 Sch\u00fclerinnen und Sch\u00fcler der Oberhausener Fasia-Jansen-Gesamtschule haben heute ihre Landtagsabgeordnete Sonja Bongers im Landtag besucht. Die drei Sozialwissenschaftskurse der 11.\u00a0Jahrgangsstufe hatten dabei jede Menge Fragen im Gep\u00e4ck. Zum Beispiel wollten sie wissen, warum es relevant ist, dass M\u00e4nner und Frauen gleicherma\u00dfen im Parlament vertreten sein sollten. &#8222;Ich finde es wichtig, dass die Abgeordneten ein besonders breites Spektrum der Bev\u00f6lkerung darstellen, weil das dazu beitr\u00e4gt, dass die Interessen unterschiedlicher Bev\u00f6lkerungsgruppen gewahrt werden&#8220;, so Bongers, wobei sie gerade die jungen Frauen dazu ermutigte, zielstrebig ihre jeweiligen Berufsw\u00fcnsche zu verfolgen.<!--more--><\/p>\n<p>Dennoch scheinen sich einige Sch\u00fclerinnen und Sch\u00fcler Gedanken \u00fcber ihre Chancen am Arbeitsmarkt zu machen. Manche bef\u00fcrchten, dass im Arbeitsleben lediglich befristete Vertr\u00e4ge auf sie warten werden. Anderen macht eine verh\u00e4ltnism\u00e4\u00dfig geringe Bezahlung in Pflege- und anderen sozialen Berufen zu schaffen.<\/p>\n<p>Die Abschaffung von sachgrundloser Befristung steht schon lange auf unserer politischen Agenda, wobei es fraglich bleibt, ob es m\u00f6glich sein wird, diese in einer gro\u00dfen Koalition mit der CDU durchzusetzen. In puncto Bezahlung riet die Abgeordnete zur gewerkschaftlichen Vernetzung, denn die H\u00f6he des Gehalts h\u00e4ngt ma\u00dfgeblich von Ergebnissen der Tarifverhandlungen ab. Umso mehr Mitarbeiter Teil einer Gewerkschaft sind, umso schlagkr\u00e4ftiger ist diese auch. &#8222;Ich habe viel Spa\u00df daran, mit den Jugendlichen zu diskutieren, vor allem wenn sich diese so aktiv mit ihren Themen miteinbringen&#8220;, res\u00fcmiert Bongers den Besuch.<\/p>\n","protected":false},"excerpt":{"rendered":"<p>73 Sch\u00fclerinnen und Sch\u00fcler der Oberhausener Fasia-Jansen-Gesamtschule haben heute ihre Landtagsabgeordnete Sonja Bongers im Landtag besucht. Die drei Sozialwissenschaftskurse der 11.\u00a0Jahrgangsstufe hatten dabei jede Menge Fragen im Gep\u00e4ck. Zum Beispiel&hellip; <\/p>\n","protected":false},"author":1,"featured_media":0,"comment_status":"closed","ping_status":"closed","sticky":false,"template":"","format":"standard","meta":{"footnotes":""},"categories":[216],"tags":[1444,1002,1446,1445],"quellen":[1317],"class_list":["post-4965","post","type-post","status-publish","format-standard","hentry","category-land","tag-besuchergruppen-landtag","tag-fasia-jansen-gesamtschule","tag-sachgrundlose-befristung","tag-zeitvertraege","quellen-mdl-sonja-bongers"],"_links":{"self":[{"href":"https:\/\/meier-gerdingh.de\/wp-spd-ob\/wp-json\/wp\/v2\/posts\/4965","targetHints":{"allow":["GET"]}}],"collection":[{"href":"https:\/\/meier-gerdingh.de\/wp-spd-ob\/wp-json\/wp\/v2\/posts"}],"about":[{"href":"https:\/\/meier-gerdingh.de\/wp-spd-ob\/wp-json\/wp\/v2\/types\/post"}],"author":[{"embeddable":true,"href":"https:\/\/meier-gerdingh.de\/wp-spd-ob\/wp-json\/wp\/v2\/users\/1"}],"replies":[{"embeddable":true,"href":"https:\/\/meier-gerdingh.de\/wp-spd-ob\/wp-json\/wp\/v2\/comments?post=4965"}],"version-history":[{"count":0,"href":"https:\/\/meier-gerdingh.de\/wp-spd-ob\/wp-json\/wp\/v2\/posts\/4965\/revisions"}],"wp:attachment":[{"href":"https:\/\/meier-gerdingh.de\/wp-spd-ob\/wp-json\/wp\/v2\/media?parent=4965"}],"wp:term":[{"taxonomy":"category","embeddable":true,"href":"https:\/\/meier-gerdingh.de\/wp-spd-ob\/wp-json\/wp\/v2\/categories?post=4965"},{"taxonomy":"post_tag","embeddable":true,"href":"https:\/\/meier-gerdingh.de\/wp-spd-ob\/wp-json\/wp\/v2\/tags?post=4965"},{"taxonomy":"quellen","embeddable":true,"href":"https:\/\/meier-gerdingh.de\/wp-spd-ob\/wp-json\/wp\/v2\/quellen?post=4965"}],"curies":[{"name":"wp","href":"https:\/\/api.w.org\/{rel}","templated":true}]}}