{"id":4971,"date":"2018-01-25T19:28:52","date_gmt":"2018-01-25T18:28:52","guid":{"rendered":"http:\/\/meier-gerdingh.de\/wp-spd-ob\/?p=4971"},"modified":"2018-01-28T19:29:23","modified_gmt":"2018-01-28T18:29:23","slug":"nrw-benachteiligt-oberhausen","status":"publish","type":"post","link":"https:\/\/meier-gerdingh.de\/wp-spd-ob\/2018\/01\/25\/nrw-benachteiligt-oberhausen\/","title":{"rendered":"NRW benachteiligt Oberhausen"},"content":{"rendered":"<div id=\"attachment_4925\" style=\"width: 290px\" class=\"wp-caption alignleft\"><a href=\"http:\/\/meier-gerdingh.de\/wp-spd-ob\/wp-content\/uploads\/2018\/01\/bongers_zimkeit_17.jpg\"><img aria-describedby=\"caption-attachment-4925\" decoding=\"async\" class=\"size-full wp-image-4925\" src=\"http:\/\/meier-gerdingh.de\/wp-spd-ob\/wp-content\/uploads\/2018\/01\/bongers_zimkeit_17.jpg\" alt=\"\" width=\"280\" height=\"192\" \/><\/a><p id=\"caption-attachment-4925\" class=\"wp-caption-text\">F\u00fcr uns im Landtag: Sonja Bongers und Stefan Zimkeit<\/p><\/div>\n<p>&#8222;Durch das soeben von CDU und FDP verabschiedete Gemeindefinanzierungsgesetz werden Oberhausen fast 3,4 Millionen Euro vorenthalten&#8220;, sagt der SPD-Abgeordnete Stefan Zimkeit. Seine Kollegin Sonja Bongers erg\u00e4nzt: &#8222;Dieses Geld ben\u00f6tigt unsere Stadt dringend f\u00fcr die Integration der zu uns gekommenen Menschen.&#8220;<\/p>\n<p>Laut Zimkeit ist zurzeit noch v\u00f6llig unklar, in welcher H\u00f6he die Integrationspauschale, die die Bund zahlt, in Oberhausen ankommt.<!--more--><\/p>\n<p>&#8222;Nach viel \u00f6ffentlicher Kritik hat CDU-Landesfinanzminister Lienenk\u00e4mper sich bereit erkl\u00e4rt, gerade einmal 100 Millionen Euro f\u00fcr alle NRW-Kommunen bereit zu stellen. Und dies nur, weil 2017 Geld wegen unbesetzter Lehrerstellen nicht ausgegeben wurde. Das ist nicht nur viel zu wenig, auch \u00fcber den Verteilschl\u00fcssel schweigt er sich bisher aus&#8220;, \u00e4rgert sich der SPD-Finanzexperte.<\/p>\n<p>&#8222;Dabei w\u00e4re es am einfachsten und gerechtesten gewesen, das Geld \u00fcber das Gemeindefinanzierungsgesetz weiterzuleiten, weil das die Wirtschaftskraft der einzelnen Stadt ber\u00fccksichtigt.&#8220;<\/p>\n<p>Stefan Zimkeit bef\u00fcrchtet, dass die Landesregierung die Mittel nach der Einwohnerzahl verteilen m\u00f6chte. &#8222;Das w\u00fcrde Oberhausen massiv benachteiligen, weil das die besonderen sozialen Herausforderungen in den Ruhrgebietsst\u00e4dten missachtet.&#8220;<\/p>\n<p>Zimkeit hatte in den Haushaltsberatungen des Landtages sogar beantragt, den Kommunen mit 175 Millionen Euro bei der Integration zu helfen. &#8222;Leider ist dieser Antrag an der CDU-FDP-Mehrheit gescheitert. Angesichts sprudelnder Steuereinnahmen w\u00e4re es dem Land ein Leichtes gewesen, den St\u00e4dten mehr Mittel zur Verf\u00fcgung zu stellen.<\/p>\n<p>Die CDU hatte im Wahlkampf sogar versprochen, die Integrationspauschale des Bundes in H\u00f6he von 438 Millionen Euro komplett an die Kommunen weiterzuleiten \u2013 will davon aber jetzt nichts mehr wissen.&#8220;<\/p>\n<p>Es d\u00fcrfe nicht sein, dass die St\u00e4dte bei der Unterbringung und Betreuung von Fl\u00fcchtlingen allein gelassen werden, sagt die SPD-Innenpolitikerin Sonja Bongers. &#8222;Das betrifft insbesondere die geduldeten Fl\u00fcchtlinge, die wegen des Krieges vorerst nicht in ihre Heimat zur\u00fcckkehren k\u00f6nnen. Hier m\u00fcssen sich Land und Bund mehr engagieren.&#8220;<\/p>\n","protected":false},"excerpt":{"rendered":"<p>&#8222;Durch das soeben von CDU und FDP verabschiedete Gemeindefinanzierungsgesetz werden Oberhausen fast 3,4 Millionen Euro vorenthalten&#8220;, sagt der SPD-Abgeordnete Stefan Zimkeit. Seine Kollegin Sonja Bongers erg\u00e4nzt: &#8222;Dieses Geld ben\u00f6tigt unsere&hellip; <\/p>\n","protected":false},"author":1,"featured_media":0,"comment_status":"closed","ping_status":"closed","sticky":false,"template":"","format":"standard","meta":{"footnotes":""},"categories":[216],"tags":[209,563,1448,14],"quellen":[1317,331],"class_list":["post-4971","post","type-post","status-publish","format-standard","hentry","category-land","tag-fluechtlinge","tag-gemeindefinanzierungsgesetz","tag-integrationspauschale","tag-kommunalfinanzen","quellen-mdl-sonja-bongers","quellen-mdl-stefan-zimkeit"],"_links":{"self":[{"href":"https:\/\/meier-gerdingh.de\/wp-spd-ob\/wp-json\/wp\/v2\/posts\/4971","targetHints":{"allow":["GET"]}}],"collection":[{"href":"https:\/\/meier-gerdingh.de\/wp-spd-ob\/wp-json\/wp\/v2\/posts"}],"about":[{"href":"https:\/\/meier-gerdingh.de\/wp-spd-ob\/wp-json\/wp\/v2\/types\/post"}],"author":[{"embeddable":true,"href":"https:\/\/meier-gerdingh.de\/wp-spd-ob\/wp-json\/wp\/v2\/users\/1"}],"replies":[{"embeddable":true,"href":"https:\/\/meier-gerdingh.de\/wp-spd-ob\/wp-json\/wp\/v2\/comments?post=4971"}],"version-history":[{"count":0,"href":"https:\/\/meier-gerdingh.de\/wp-spd-ob\/wp-json\/wp\/v2\/posts\/4971\/revisions"}],"wp:attachment":[{"href":"https:\/\/meier-gerdingh.de\/wp-spd-ob\/wp-json\/wp\/v2\/media?parent=4971"}],"wp:term":[{"taxonomy":"category","embeddable":true,"href":"https:\/\/meier-gerdingh.de\/wp-spd-ob\/wp-json\/wp\/v2\/categories?post=4971"},{"taxonomy":"post_tag","embeddable":true,"href":"https:\/\/meier-gerdingh.de\/wp-spd-ob\/wp-json\/wp\/v2\/tags?post=4971"},{"taxonomy":"quellen","embeddable":true,"href":"https:\/\/meier-gerdingh.de\/wp-spd-ob\/wp-json\/wp\/v2\/quellen?post=4971"}],"curies":[{"name":"wp","href":"https:\/\/api.w.org\/{rel}","templated":true}]}}