{"id":4979,"date":"2018-01-30T17:35:18","date_gmt":"2018-01-30T16:35:18","guid":{"rendered":"http:\/\/meier-gerdingh.de\/wp-spd-ob\/?p=4979"},"modified":"2018-02-07T17:50:38","modified_gmt":"2018-02-07T16:50:38","slug":"dirk-voepel-bleibt-mitglied-im-verteidigungsausschuss","status":"publish","type":"post","link":"https:\/\/meier-gerdingh.de\/wp-spd-ob\/2018\/01\/30\/dirk-voepel-bleibt-mitglied-im-verteidigungsausschuss\/","title":{"rendered":"Dirk V\u00f6pel bleibt Mitglied im Verteidigungsausschuss"},"content":{"rendered":"<div id=\"attachment_1681\" style=\"width: 150px\" class=\"wp-caption alignleft\"><a href=\"http:\/\/meier-gerdingh.de\/wp-spd-ob\/wp-content\/uploads\/voepel_dirk_mdb.jpg\"><img aria-describedby=\"caption-attachment-1681\" decoding=\"async\" class=\"size-full wp-image-1681\" src=\"http:\/\/meier-gerdingh.de\/wp-spd-ob\/wp-content\/uploads\/voepel_dirk_mdb.jpg\" alt=\"\" width=\"140\" height=\"180\" \/><\/a><p id=\"caption-attachment-1681\" class=\"wp-caption-text\">Dirk V\u00f6pel ist Bundestagsabgeordneter f\u00fcr Oberhausen und Dinslaken und Vorsitzender der Oberhausener SPD<\/p><\/div>\n<p>Mehr als vier Monate nach der Bundestagswahl kommt der politische Normal-Betrieb in Berlin endlich wieder in die G\u00e4nge. Entgegen der sonst \u00fcblichen Praxis hatte der Deutsche Bundestag bereits in der letzten Sitzungsoche und damit noch vor einer m\u00f6glichen Regierungsbildung seine 23 Fachaussch\u00fcsse offiziell eingesetzt. Am gestrigen Abend entschied dann die SPD-Bundestagsfraktion dar\u00fcber, wer sie in den n\u00e4chsten Jahren in den jeweiligen Aussch\u00fcssen vertreten wird.<!--more--><\/p>\n<p>Jetzt steht fest: Dirk V\u00f6pel, direkt gew\u00e4hlter Bundestagsabgeordneter f\u00fcr Oberhausen und Dinslaken, bleibt auch in der 19. Wahlperiode ordentliches Mitglied im Verteidigungsausschuss und kann damit seine fachpolitische Arbeit in einem der wichtigsten Gremien des Parlaments fortsetzen. Die endg\u00fcltige Aufgabenverteilung innerhalb des Ausschusses wird Mitte Februar festgelegt.<\/p>\n<p>Als stellvertretendes Mitglied wird Dirk V\u00f6pel dem Innenausschuss sowie dem Ausschuss f\u00fcr Arbeit und Soziales angeh\u00f6ren. &#8222;Dar\u00fcber freue ich mich besonders, denn die politischen Dauerbrenner \u201aInnere und soziale Sicherheit\u2018 geh\u00f6ren f\u00fcr viele Menschen im heimischen Wahlkreis zu den wichtigsten Themen \u00fcberhaupt&#8220;, so Dirk V\u00f6pel.<\/p>\n","protected":false},"excerpt":{"rendered":"<p>Mehr als vier Monate nach der Bundestagswahl kommt der politische Normal-Betrieb in Berlin endlich wieder in die G\u00e4nge. Entgegen der sonst \u00fcblichen Praxis hatte der Deutsche Bundestag bereits in der&hellip; <\/p>\n","protected":false},"author":1,"featured_media":0,"comment_status":"closed","ping_status":"closed","sticky":false,"template":"","format":"standard","meta":{"footnotes":""},"categories":[180],"tags":[1454,120,1453],"quellen":[330],"class_list":["post-4979","post","type-post","status-publish","format-standard","hentry","category-bund","tag-ausschussbesetzung","tag-bundestag","tag-verteidigungsausschuss","quellen-mdb-dirk-voepel"],"_links":{"self":[{"href":"https:\/\/meier-gerdingh.de\/wp-spd-ob\/wp-json\/wp\/v2\/posts\/4979","targetHints":{"allow":["GET"]}}],"collection":[{"href":"https:\/\/meier-gerdingh.de\/wp-spd-ob\/wp-json\/wp\/v2\/posts"}],"about":[{"href":"https:\/\/meier-gerdingh.de\/wp-spd-ob\/wp-json\/wp\/v2\/types\/post"}],"author":[{"embeddable":true,"href":"https:\/\/meier-gerdingh.de\/wp-spd-ob\/wp-json\/wp\/v2\/users\/1"}],"replies":[{"embeddable":true,"href":"https:\/\/meier-gerdingh.de\/wp-spd-ob\/wp-json\/wp\/v2\/comments?post=4979"}],"version-history":[{"count":0,"href":"https:\/\/meier-gerdingh.de\/wp-spd-ob\/wp-json\/wp\/v2\/posts\/4979\/revisions"}],"wp:attachment":[{"href":"https:\/\/meier-gerdingh.de\/wp-spd-ob\/wp-json\/wp\/v2\/media?parent=4979"}],"wp:term":[{"taxonomy":"category","embeddable":true,"href":"https:\/\/meier-gerdingh.de\/wp-spd-ob\/wp-json\/wp\/v2\/categories?post=4979"},{"taxonomy":"post_tag","embeddable":true,"href":"https:\/\/meier-gerdingh.de\/wp-spd-ob\/wp-json\/wp\/v2\/tags?post=4979"},{"taxonomy":"quellen","embeddable":true,"href":"https:\/\/meier-gerdingh.de\/wp-spd-ob\/wp-json\/wp\/v2\/quellen?post=4979"}],"curies":[{"name":"wp","href":"https:\/\/api.w.org\/{rel}","templated":true}]}}