{"id":4981,"date":"2018-02-05T17:39:20","date_gmt":"2018-02-05T16:39:20","guid":{"rendered":"http:\/\/meier-gerdingh.de\/wp-spd-ob\/?p=4981"},"modified":"2018-02-07T17:41:52","modified_gmt":"2018-02-07T16:41:52","slug":"45-millionen-euro-zu-wenig","status":"publish","type":"post","link":"https:\/\/meier-gerdingh.de\/wp-spd-ob\/2018\/02\/05\/45-millionen-euro-zu-wenig\/","title":{"rendered":"4,5 Millionen Euro zu wenig"},"content":{"rendered":"<div id=\"attachment_4242\" style=\"width: 150px\" class=\"wp-caption alignleft\"><a href=\"http:\/\/meier-gerdingh.de\/wp-spd-ob\/wp-content\/uploads\/2017\/05\/zimkeit_stefan_17.jpg\"><img aria-describedby=\"caption-attachment-4242\" decoding=\"async\" class=\"size-full wp-image-4242\" src=\"http:\/\/meier-gerdingh.de\/wp-spd-ob\/wp-content\/uploads\/2017\/05\/zimkeit_stefan_17.jpg\" alt=\"\" width=\"140\" height=\"192\" \/><\/a><p id=\"caption-attachment-4242\" class=\"wp-caption-text\">Stefan Zimkeit ist Landtagsabgeordneter f\u00fcr Oberhausen-Sterkrade und Dinslaken sowie finanzpolitischer Sprecher der SPD-Landtagsfraktion<\/p><\/div>\n<p>&#8222;Berlin wollte das Geld f\u00fcr die Schulinfrastruktur nicht mit der Gie\u00dfkanne verteilen. Sondern diese Investitionsmittel sollten ganz gezielt an die St\u00e4dte gehen, die wegen ihrer finanziellen Lage nicht selbst in der Lage sind, ihre Schulgeb\u00e4ude zu sanieren&#8220;, erl\u00e4utert Zimkeit. Urspr\u00fcnglich sei klar gewesen, so die Berechnung der rot-gr\u00fcnen Vorg\u00e4ngerregierung, dass Oberhausen 25,1 Millionen Euro zustehen.<!--more--><\/p>\n<p>&#8222;Nach der Regierungs\u00fcbernahme hat die neue Ministerin aber den Verteilschl\u00fcssel so ge\u00e4ndert, dass mehr Geld in den l\u00e4ndlichen Raum flie\u00dft, weil die CDU dort ihre W\u00e4hlerbasis hat. Und das geht automatisch zu Lasten der Schulen im Ruhrgebiet.&#8220;<\/p>\n<p>Stefan Zimkeit fordert Heimatministerin Scharrenbach auf, die finanzschwachen St\u00e4dte wenigstens bei den Planungskosten zu unterst\u00fctzen. &#8222;Das Ruhrgebiet hat gro\u00dfe Schwierigkeiten, die Mittel aus dem Kommunalinvestitionsf\u00f6rderungsgesetz z\u00fcgig abzurufen und zu verplanen&#8220;, best\u00e4tigt der SPD-Finanzexperte einen Bericht der WAZ\/NRZ.<\/p>\n<p>Das ist angesichts des Investitionsstaus an unseren Schulen inakzeptabel&#8220;, sagt Zimkeit, der allein f\u00fcr Oberhausen 1,7 Millionen Euro fordert, damit F\u00f6rderprogramme reibungslos umgesetzt werden k\u00f6nnen. &#8222;Es w\u00e4re erb\u00e4rmlich, den St\u00e4dten den schwarzen Peter zuzuschieben. Hier ist NRW in der Pflicht, gezielt zu helfen.&#8220;<\/p>\n","protected":false},"excerpt":{"rendered":"<p>&#8222;Berlin wollte das Geld f\u00fcr die Schulinfrastruktur nicht mit der Gie\u00dfkanne verteilen. Sondern diese Investitionsmittel sollten ganz gezielt an die St\u00e4dte gehen, die wegen ihrer finanziellen Lage nicht selbst in&hellip; <\/p>\n","protected":false},"author":1,"featured_media":0,"comment_status":"closed","ping_status":"closed","sticky":false,"template":"","format":"standard","meta":{"footnotes":""},"categories":[231,98,216],"tags":[229,957,1457,1256],"quellen":[331],"class_list":["post-4981","post","type-post","status-publish","format-standard","hentry","category-bildung","category-finanzen","category-land","tag-bundesmittel","tag-foerdermittel","tag-kommunalinvestitionsfoerderungsgesetz","tag-schulsanierung","quellen-mdl-stefan-zimkeit"],"_links":{"self":[{"href":"https:\/\/meier-gerdingh.de\/wp-spd-ob\/wp-json\/wp\/v2\/posts\/4981","targetHints":{"allow":["GET"]}}],"collection":[{"href":"https:\/\/meier-gerdingh.de\/wp-spd-ob\/wp-json\/wp\/v2\/posts"}],"about":[{"href":"https:\/\/meier-gerdingh.de\/wp-spd-ob\/wp-json\/wp\/v2\/types\/post"}],"author":[{"embeddable":true,"href":"https:\/\/meier-gerdingh.de\/wp-spd-ob\/wp-json\/wp\/v2\/users\/1"}],"replies":[{"embeddable":true,"href":"https:\/\/meier-gerdingh.de\/wp-spd-ob\/wp-json\/wp\/v2\/comments?post=4981"}],"version-history":[{"count":0,"href":"https:\/\/meier-gerdingh.de\/wp-spd-ob\/wp-json\/wp\/v2\/posts\/4981\/revisions"}],"wp:attachment":[{"href":"https:\/\/meier-gerdingh.de\/wp-spd-ob\/wp-json\/wp\/v2\/media?parent=4981"}],"wp:term":[{"taxonomy":"category","embeddable":true,"href":"https:\/\/meier-gerdingh.de\/wp-spd-ob\/wp-json\/wp\/v2\/categories?post=4981"},{"taxonomy":"post_tag","embeddable":true,"href":"https:\/\/meier-gerdingh.de\/wp-spd-ob\/wp-json\/wp\/v2\/tags?post=4981"},{"taxonomy":"quellen","embeddable":true,"href":"https:\/\/meier-gerdingh.de\/wp-spd-ob\/wp-json\/wp\/v2\/quellen?post=4981"}],"curies":[{"name":"wp","href":"https:\/\/api.w.org\/{rel}","templated":true}]}}