{"id":4998,"date":"2018-02-21T15:54:47","date_gmt":"2018-02-21T14:54:47","guid":{"rendered":"http:\/\/meier-gerdingh.de\/wp-spd-ob\/?p=4998"},"modified":"2018-02-21T20:57:57","modified_gmt":"2018-02-21T19:57:57","slug":"klaus-koesling-lobt-engagement-fuers-pfingstradrennen","status":"publish","type":"post","link":"https:\/\/meier-gerdingh.de\/wp-spd-ob\/2018\/02\/21\/klaus-koesling-lobt-engagement-fuers-pfingstradrennen\/","title":{"rendered":"Klaus K\u00f6sling lobt Engagement f\u00fcrs Pfingstradrennen"},"content":{"rendered":"<div id=\"attachment_1473\" style=\"width: 150px\" class=\"wp-caption alignleft\"><a href=\"http:\/\/meier-gerdingh.de\/wp-spd-ob\/wp-content\/uploads\/koesling_klaus_09.jpg\"><img aria-describedby=\"caption-attachment-1473\" decoding=\"async\" class=\"size-full wp-image-1473\" src=\"http:\/\/meier-gerdingh.de\/wp-spd-ob\/wp-content\/uploads\/koesling_klaus_09.jpg\" alt=\"\" width=\"140\" height=\"169\" \/><\/a><p id=\"caption-attachment-1473\" class=\"wp-caption-text\">Klaus K\u00f6sling ist sportpolitischer Sprecher der SPD-Ratsfraktion<\/p><\/div>\n<p>In der j\u00fcngsten Sitzung des Sportausschusses hat Radrenn-Veranstalter Michael Zurhausen seine Pl\u00e4ne rund um das Pfingstradrennen 2018 erl\u00e4utert. Zur Erinnerung: Nachdem der Radsportverein Blau Gelb Oberhausen aus organisatorischen Gr\u00fcnden als Veranstalter ausgestiegen war, stand die bei den Oberhausenern beliebte Veranstaltung vor dem Aus.<\/p>\n<p>Michael Zurhausen, Vorsitzender des Rad Clubs Olympia Gelsenkirchen-Buer, hat das Konzept des Radrennens v\u00f6llig \u00fcberarbeitet und so daf\u00fcr gesorgt, dass es auch in diesem Jahr am Pfingstsonntag, 20. Mai, rasant auf zwei R\u00e4dern durch den Oberhausener Osten geht.<!--more--><\/p>\n<p>Der sportpolitische Sprecher der SPD-Ratsfraktion, Klaus K\u00f6sling, bedankte sich pers\u00f6nlich bei Zurhausen f\u00fcr dessen Engagement. &#8222;Es ist klasse, dass das traditionsreiche Pfingstradrennen gerettet worden ist, diese Veranstaltung war doch eigentlich aus dem Oberhausener Sportkalender gar nicht wegzudenken. Wir hoffen und w\u00fcnschen, dass das neue, moderne Konzept von Michael Zurhausen und seinen Mitstreitern aufgeht und die Zukunft des Pfingstradrennens nun gesichert ist.&#8220;<\/p>\n","protected":false},"excerpt":{"rendered":"<p>In der j\u00fcngsten Sitzung des Sportausschusses hat Radrenn-Veranstalter Michael Zurhausen seine Pl\u00e4ne rund um das Pfingstradrennen 2018 erl\u00e4utert. Zur Erinnerung: Nachdem der Radsportverein Blau Gelb Oberhausen aus organisatorischen Gr\u00fcnden als&hellip; <\/p>\n","protected":false},"author":1,"featured_media":0,"comment_status":"closed","ping_status":"closed","sticky":false,"template":"","format":"standard","meta":{"footnotes":""},"categories":[47],"tags":[1468,716,1467,48],"quellen":[326],"class_list":["post-4998","post","type-post","status-publish","format-standard","hentry","category-sport","tag-oberhausen-ost","tag-pfingstradrennen","tag-radsportverein-blau-gelb-oberhausen","tag-sportausschuss","quellen-spd-fraktion-oberhausen"],"_links":{"self":[{"href":"https:\/\/meier-gerdingh.de\/wp-spd-ob\/wp-json\/wp\/v2\/posts\/4998","targetHints":{"allow":["GET"]}}],"collection":[{"href":"https:\/\/meier-gerdingh.de\/wp-spd-ob\/wp-json\/wp\/v2\/posts"}],"about":[{"href":"https:\/\/meier-gerdingh.de\/wp-spd-ob\/wp-json\/wp\/v2\/types\/post"}],"author":[{"embeddable":true,"href":"https:\/\/meier-gerdingh.de\/wp-spd-ob\/wp-json\/wp\/v2\/users\/1"}],"replies":[{"embeddable":true,"href":"https:\/\/meier-gerdingh.de\/wp-spd-ob\/wp-json\/wp\/v2\/comments?post=4998"}],"version-history":[{"count":0,"href":"https:\/\/meier-gerdingh.de\/wp-spd-ob\/wp-json\/wp\/v2\/posts\/4998\/revisions"}],"wp:attachment":[{"href":"https:\/\/meier-gerdingh.de\/wp-spd-ob\/wp-json\/wp\/v2\/media?parent=4998"}],"wp:term":[{"taxonomy":"category","embeddable":true,"href":"https:\/\/meier-gerdingh.de\/wp-spd-ob\/wp-json\/wp\/v2\/categories?post=4998"},{"taxonomy":"post_tag","embeddable":true,"href":"https:\/\/meier-gerdingh.de\/wp-spd-ob\/wp-json\/wp\/v2\/tags?post=4998"},{"taxonomy":"quellen","embeddable":true,"href":"https:\/\/meier-gerdingh.de\/wp-spd-ob\/wp-json\/wp\/v2\/quellen?post=4998"}],"curies":[{"name":"wp","href":"https:\/\/api.w.org\/{rel}","templated":true}]}}