{"id":5001,"date":"2018-02-22T17:59:19","date_gmt":"2018-02-22T16:59:19","guid":{"rendered":"http:\/\/meier-gerdingh.de\/wp-spd-ob\/?p=5001"},"modified":"2018-02-22T17:59:54","modified_gmt":"2018-02-22T16:59:54","slug":"zwei-neue-familienzentren-fuer-oberhausen-2","status":"publish","type":"post","link":"https:\/\/meier-gerdingh.de\/wp-spd-ob\/2018\/02\/22\/zwei-neue-familienzentren-fuer-oberhausen-2\/","title":{"rendered":"Zwei neue Familienzentren f\u00fcr Oberhausen"},"content":{"rendered":"<div id=\"attachment_4925\" style=\"width: 290px\" class=\"wp-caption alignleft\"><a href=\"http:\/\/meier-gerdingh.de\/wp-spd-ob\/wp-content\/uploads\/2018\/01\/bongers_zimkeit_17.jpg\"><img aria-describedby=\"caption-attachment-4925\" decoding=\"async\" class=\"size-full wp-image-4925\" src=\"http:\/\/meier-gerdingh.de\/wp-spd-ob\/wp-content\/uploads\/2018\/01\/bongers_zimkeit_17.jpg\" alt=\"\" width=\"280\" height=\"192\" \/><\/a><p id=\"caption-attachment-4925\" class=\"wp-caption-text\">F\u00fcr uns im Landtag: Sonja Bongers und Stefan Zimkeit<\/p><\/div>\n<p>In Oberhausen werden zwei weitere Kitas zu Familienzentren ausgebaut, teilen die Landtagsabgeordneten Sonja Bongers und Stefan Zimkeit mit. &#8222;Die SPD-gef\u00fchrte Vorg\u00e4ngerregierung hatte das Netz der Familienzentren bereits auf 28 ausgeweitet&#8220;, so Bongers, &#8222;k\u00fcnftig werden es 30 Einrichtungen sein&#8220;.<\/p>\n<p>Gerade in benachteiligten Stadtteilen seien die Familienzentren gefragt, um die Herausforderungen bei fr\u00fcher F\u00f6rderung und Bildung zu meistern. &#8222;Diese Kitas beziehen die Eltern in ihre Arbeit mit ein, bieten vielf\u00e4ltige Beratung und st\u00e4rken die Erziehungskompetenz&#8220;, sagt die SPD-Abgeordnete.<!--more--><\/p>\n<p>Laut Stefan Zimkeit muss nun die Stadt Oberhausen entscheiden, wo sich die beiden zus\u00e4tzlichen Familienzentren befinden sollen. &#8222;Meines Erachtens sollten sie in Nachbarschaften eingerichtet werden, in denen der soziale Bedarf am gr\u00f6\u00dften ist.&#8220;<\/p>\n<p>Zimkeit bedauert es, dass NRW-Familienminister Joachim Stamp (FDP) dieses erfolgreiche Prinzip nun aufweichen m\u00f6chte. &#8222;Oberhausen tut gut daran, dem nicht zu folgen.&#8220;<\/p>\n<p>Der SPD-Finanzexperte fordert die Landesregierung auf, die finanzielle Ausstattung der Familienzentren zu verbessern. Bislang gebe es j\u00e4hrlich 13.000 Euro, f\u00fcr Kitas in sozial benachteiligen Stadtvierteln 14.000 Euro.<\/p>\n<p>&#8222;Das ist auf Dauer zu wenig. Die Herausforderung, Kindern unterschiedlicher Herkunft gute Startchancen zu geben, wird stetig gr\u00f6\u00dfer.&#8220; Stefan Zimkeit hatte deshalb bereits f\u00fcr das laufende Jahr beantragt, den Zuschuss je Familienzentrum um 1000 Euro zu erh\u00f6hen. &#8222;Leider ist das an der schwarz-gelben Landtagskoalition gescheitert.&#8220;<\/p>\n","protected":false},"excerpt":{"rendered":"<p>In Oberhausen werden zwei weitere Kitas zu Familienzentren ausgebaut, teilen die Landtagsabgeordneten Sonja Bongers und Stefan Zimkeit mit. &#8222;Die SPD-gef\u00fchrte Vorg\u00e4ngerregierung hatte das Netz der Familienzentren bereits auf 28 ausgeweitet&#8220;,&hellip; <\/p>\n","protected":false},"author":1,"featured_media":0,"comment_status":"closed","ping_status":"closed","sticky":false,"template":"","format":"standard","meta":{"footnotes":""},"categories":[179,216],"tags":[609,604,165],"quellen":[1317,331],"class_list":["post-5001","post","type-post","status-publish","format-standard","hentry","category-kinder-und-jugendliche","category-land","tag-familienzentren","tag-kindertagesstaetten","tag-kitas","quellen-mdl-sonja-bongers","quellen-mdl-stefan-zimkeit"],"_links":{"self":[{"href":"https:\/\/meier-gerdingh.de\/wp-spd-ob\/wp-json\/wp\/v2\/posts\/5001","targetHints":{"allow":["GET"]}}],"collection":[{"href":"https:\/\/meier-gerdingh.de\/wp-spd-ob\/wp-json\/wp\/v2\/posts"}],"about":[{"href":"https:\/\/meier-gerdingh.de\/wp-spd-ob\/wp-json\/wp\/v2\/types\/post"}],"author":[{"embeddable":true,"href":"https:\/\/meier-gerdingh.de\/wp-spd-ob\/wp-json\/wp\/v2\/users\/1"}],"replies":[{"embeddable":true,"href":"https:\/\/meier-gerdingh.de\/wp-spd-ob\/wp-json\/wp\/v2\/comments?post=5001"}],"version-history":[{"count":0,"href":"https:\/\/meier-gerdingh.de\/wp-spd-ob\/wp-json\/wp\/v2\/posts\/5001\/revisions"}],"wp:attachment":[{"href":"https:\/\/meier-gerdingh.de\/wp-spd-ob\/wp-json\/wp\/v2\/media?parent=5001"}],"wp:term":[{"taxonomy":"category","embeddable":true,"href":"https:\/\/meier-gerdingh.de\/wp-spd-ob\/wp-json\/wp\/v2\/categories?post=5001"},{"taxonomy":"post_tag","embeddable":true,"href":"https:\/\/meier-gerdingh.de\/wp-spd-ob\/wp-json\/wp\/v2\/tags?post=5001"},{"taxonomy":"quellen","embeddable":true,"href":"https:\/\/meier-gerdingh.de\/wp-spd-ob\/wp-json\/wp\/v2\/quellen?post=5001"}],"curies":[{"name":"wp","href":"https:\/\/api.w.org\/{rel}","templated":true}]}}