{"id":5007,"date":"2018-02-23T19:31:38","date_gmt":"2018-02-23T18:31:38","guid":{"rendered":"http:\/\/meier-gerdingh.de\/wp-spd-ob\/?p=5007"},"modified":"2018-02-25T19:35:39","modified_gmt":"2018-02-25T18:35:39","slug":"weiterhin-gut-aufgestellt","status":"publish","type":"post","link":"https:\/\/meier-gerdingh.de\/wp-spd-ob\/2018\/02\/23\/weiterhin-gut-aufgestellt\/","title":{"rendered":"Weiterhin gut aufgestellt"},"content":{"rendered":"<div id=\"attachment_5002\" style=\"width: 1010px\" class=\"wp-caption aligncenter\"><a href=\"http:\/\/meier-gerdingh.de\/wp-spd-ob\/wp-content\/uploads\/2018\/02\/ov_alsfeld_holten_jhv_2018_01.jpg\"><img aria-describedby=\"caption-attachment-5002\" decoding=\"async\" class=\"size-full wp-image-5002\" src=\"http:\/\/meier-gerdingh.de\/wp-spd-ob\/wp-content\/uploads\/2018\/02\/ov_alsfeld_holten_jhv_2018_01.jpg\" alt=\"\" width=\"1000\" height=\"580\" srcset=\"https:\/\/meier-gerdingh.de\/wp-spd-ob\/wp-content\/uploads\/2018\/02\/ov_alsfeld_holten_jhv_2018_01.jpg 1000w, https:\/\/meier-gerdingh.de\/wp-spd-ob\/wp-content\/uploads\/2018\/02\/ov_alsfeld_holten_jhv_2018_01-300x174.jpg 300w, https:\/\/meier-gerdingh.de\/wp-spd-ob\/wp-content\/uploads\/2018\/02\/ov_alsfeld_holten_jhv_2018_01-768x445.jpg 768w\" sizes=\"(max-width: 1000px) 100vw, 1000px\" \/><\/a><p id=\"caption-attachment-5002\" class=\"wp-caption-text\">Jahreshauptversammlung des SPD-Ortsvereins Alsfeld-Holten<\/p><\/div>\n<p>Der SPD-Ortsverein Alsfeld-Holten w\u00e4hlte Mitte Februar auf seiner Jahreshauptversammlung einen neuen Vorstand. In seinem Amt best\u00e4tigt wurde der <strong>Vorsitzende Helmuth Eidam<\/strong>. Ihm zur Seite stehen die Sterkrader Bezirksvertreterin <strong>Anja K\u00f6sling<\/strong> und der Holtener Stadtverordnete <strong>Helmut Brodrick<\/strong> als <strong>Stellvertreter<\/strong>. Der Alsfelder Stadtverordnete <strong>Klaus K\u00f6sling<\/strong> wurde als <strong>Kassierer<\/strong> und <strong>Lukas K\u00f6sling<\/strong> als <strong>Schriftf\u00fchrer<\/strong> best\u00e4tigt.<!--more--><\/p>\n<p>Um die <strong>Jugendarbeit<\/strong> im Ortsverein wird sich in den kommenden beiden Jahren <strong>Dominik Hofmann<\/strong> k\u00fcmmern. <strong>Norbert Nadolski<\/strong> wird als <strong>Internetbeauftragter<\/strong> die \u00d6ffentlichkeitsarbeit des Ortsvereins verantworten.<\/p>\n<p>Die personelle Kontinuit\u00e4t spiegelt die solide Arbeit wider, die der Sterkrader SPD-Ortsverein in den vergangenen beiden Jahren geleistet hat. Neben dem herausragenden bei den beiden Wahlk\u00e4mpfen in 2017 geh\u00f6rten der Einsatz f\u00fcr die Ansiedlung eines Vollsortimenters in Holten sowie der Einsatz f\u00fcr mehr Sauberkeit im Stadtteil zu den Schwerpunkten.<\/p>\n<p>Die B\u00fcrgerversammlungen im Kastell Holten sind zu einem Markenzeichen der SPD geworden und werden fortgesetzt. Ebenso erfreulich ist die Etablierung eines Stammtisches, der regelm\u00e4\u00dfig tagt und sich konstanter Beliebtheit erfreut. Auch die beiden Teilnahmen am Holtener Weihnachtsmarkt mit einem Fischstand waren erfolgreich.<\/p>\n<div id=\"attachment_5003\" style=\"width: 242px\" class=\"wp-caption alignleft\"><a href=\"http:\/\/meier-gerdingh.de\/wp-spd-ob\/wp-content\/uploads\/2018\/02\/ov_alsfeld_holten_jhv_2018_02.jpg\"><img aria-describedby=\"caption-attachment-5003\" decoding=\"async\" class=\"size-full wp-image-5003\" src=\"http:\/\/meier-gerdingh.de\/wp-spd-ob\/wp-content\/uploads\/2018\/02\/ov_alsfeld_holten_jhv_2018_02.jpg\" alt=\"\" width=\"232\" height=\"208\" \/><\/a><p id=\"caption-attachment-5003\" class=\"wp-caption-text\">Helmuth Eidam, Vorsitzender des SPD-Ortsvereins Alsfeld-Holten, gibt den Rechenschaftsbericht<\/p><\/div>\n<p>In seinem Rechenschaftsbericht hob der Vorsitzende Helmuth Eidam auf die Veranstaltungen des Ortsvereins hervor und verwies hier stellvertretend auf eine Diskussion zum Thema Sicherheit in Oberhausen, welche gemeinsam mit den beiden anderen Sterkrader SPD-Ortsvereinen durchgef\u00fchrt wurde.<\/p>\n<p>F\u00fcr die kommenden beiden Jahre wurde ein ambitioniertes Arbeitsprogramm beschlossen. Interessierte sind herzlich eingeladen, sich ein Bild von der Arbeit des Sterkrader Ortsvereins zu machen.<\/p>\n","protected":false},"excerpt":{"rendered":"<p>Der SPD-Ortsverein Alsfeld-Holten w\u00e4hlte Mitte Februar auf seiner Jahreshauptversammlung einen neuen Vorstand. In seinem Amt best\u00e4tigt wurde der Vorsitzende Helmuth Eidam. Ihm zur Seite stehen die Sterkrader Bezirksvertreterin Anja K\u00f6sling&hellip; <\/p>\n","protected":false},"author":1,"featured_media":0,"comment_status":"closed","ping_status":"closed","sticky":false,"template":"","format":"standard","meta":{"footnotes":""},"categories":[173],"tags":[386,71,1473],"quellen":[336],"class_list":["post-5007","post","type-post","status-publish","format-standard","hentry","category-parteileben","tag-holten","tag-jahreshauptversammlung","tag-kastell-holten","quellen-ov-alsfeld-holten"],"_links":{"self":[{"href":"https:\/\/meier-gerdingh.de\/wp-spd-ob\/wp-json\/wp\/v2\/posts\/5007","targetHints":{"allow":["GET"]}}],"collection":[{"href":"https:\/\/meier-gerdingh.de\/wp-spd-ob\/wp-json\/wp\/v2\/posts"}],"about":[{"href":"https:\/\/meier-gerdingh.de\/wp-spd-ob\/wp-json\/wp\/v2\/types\/post"}],"author":[{"embeddable":true,"href":"https:\/\/meier-gerdingh.de\/wp-spd-ob\/wp-json\/wp\/v2\/users\/1"}],"replies":[{"embeddable":true,"href":"https:\/\/meier-gerdingh.de\/wp-spd-ob\/wp-json\/wp\/v2\/comments?post=5007"}],"version-history":[{"count":0,"href":"https:\/\/meier-gerdingh.de\/wp-spd-ob\/wp-json\/wp\/v2\/posts\/5007\/revisions"}],"wp:attachment":[{"href":"https:\/\/meier-gerdingh.de\/wp-spd-ob\/wp-json\/wp\/v2\/media?parent=5007"}],"wp:term":[{"taxonomy":"category","embeddable":true,"href":"https:\/\/meier-gerdingh.de\/wp-spd-ob\/wp-json\/wp\/v2\/categories?post=5007"},{"taxonomy":"post_tag","embeddable":true,"href":"https:\/\/meier-gerdingh.de\/wp-spd-ob\/wp-json\/wp\/v2\/tags?post=5007"},{"taxonomy":"quellen","embeddable":true,"href":"https:\/\/meier-gerdingh.de\/wp-spd-ob\/wp-json\/wp\/v2\/quellen?post=5007"}],"curies":[{"name":"wp","href":"https:\/\/api.w.org\/{rel}","templated":true}]}}