{"id":5014,"date":"2018-03-01T17:54:02","date_gmt":"2018-03-01T16:54:02","guid":{"rendered":"http:\/\/meier-gerdingh.de\/wp-spd-ob\/?p=5014"},"modified":"2018-03-01T17:54:02","modified_gmt":"2018-03-01T16:54:02","slug":"dieselfahrverbote-auch-in-oberhausen","status":"publish","type":"post","link":"https:\/\/meier-gerdingh.de\/wp-spd-ob\/2018\/03\/01\/dieselfahrverbote-auch-in-oberhausen\/","title":{"rendered":"Dieselfahrverbote auch in Oberhausen?"},"content":{"rendered":"<p>Sonja Bongers und Stefan Zimkeit rufen die Landesregierung dazu auf, die St\u00e4dte bei der Stickoxidbelastung nicht allein zu lassen. &#8222;Dass die NRW-Regierung die Klage beim Bundesverwaltungsgericht verliert, war absehbar&#8220;, sagt die SPD-Rechtsexpertin Bongers. &#8222;Um so unverst\u00e4ndlicher ist es, dass Schwarz-Gelb orientierungslos und ohne jedes Konzept ist.&#8220; Auch Oberhausen sei davon betroffen. &#8222;Oberhausens Stickstoffdioxidbelastung liegt bei 49 Mikrogramm pro Kubikmeter Luft und damit weit oberhalb des Grenzwertes, der 40 Mikrogramm betr\u00e4gt&#8220;, so Sonja Bongers.<!--more--><\/p>\n<p>Stefan Zimkeit warnt vor einem &#8222;Flickenteppich&#8220;, der entsteht, wenn jede Kommune eine eigene L\u00f6sung finden muss. &#8222;Um Diesel-Fahrverbote zu vermeiden, muss die Luft in Oberhausen und den anderen betroffenen St\u00e4dten schleunigst besser werden&#8220;, sagt der Landtagsabgeordnete. Er beharrt auf dem Verursacherprinzip: &#8222;Die Automobilindustrie darf nicht aus der Verantwortung entlassen werden. Sie muss f\u00fcr die Hardware-Nachr\u00fcstung aller Diesel-PKW sorgen, wo das technisch m\u00f6glich ist&#8220;, betont Stefan Zimkeit, der die &#8222;wohlwollende Zur\u00fcckhaltung&#8220; der Landesregierung gegen\u00fcber der Industrie scharf kritisiert. &#8222;Die Gesundheit der Menschen hat Vorrang.&#8220;<\/p>\n<p>Bongers und Zimkeit fordern die kurzfristige Einf\u00fchrung eines vom Bund und dem Land NRW subventionierten Umwelttickets f\u00fcr Bus und Bahn. &#8222;Das sollte f\u00fcr die unter hoher Luftverschmutzung leidenden St\u00e4dte gelten, zu denen leider auch Oberhausen geh\u00f6rt&#8220;, erl\u00e4utert Zimkeit den Vorschlag der SPD-Landtagsfraktion.<\/p>\n","protected":false},"excerpt":{"rendered":"<p>Sonja Bongers und Stefan Zimkeit rufen die Landesregierung dazu auf, die St\u00e4dte bei der Stickoxidbelastung nicht allein zu lassen. &#8222;Dass die NRW-Regierung die Klage beim Bundesverwaltungsgericht verliert, war absehbar&#8220;, sagt&hellip; <\/p>\n","protected":false},"author":1,"featured_media":0,"comment_status":"closed","ping_status":"closed","sticky":false,"template":"","format":"standard","meta":{"footnotes":""},"categories":[29],"tags":[1475,1474,1476],"quellen":[1317,331],"class_list":["post-5014","post","type-post","status-publish","format-standard","hentry","category-umwelt","tag-dieselfahrverbote","tag-stickoxidbelastung","tag-umweltticket","quellen-mdl-sonja-bongers","quellen-mdl-stefan-zimkeit"],"_links":{"self":[{"href":"https:\/\/meier-gerdingh.de\/wp-spd-ob\/wp-json\/wp\/v2\/posts\/5014","targetHints":{"allow":["GET"]}}],"collection":[{"href":"https:\/\/meier-gerdingh.de\/wp-spd-ob\/wp-json\/wp\/v2\/posts"}],"about":[{"href":"https:\/\/meier-gerdingh.de\/wp-spd-ob\/wp-json\/wp\/v2\/types\/post"}],"author":[{"embeddable":true,"href":"https:\/\/meier-gerdingh.de\/wp-spd-ob\/wp-json\/wp\/v2\/users\/1"}],"replies":[{"embeddable":true,"href":"https:\/\/meier-gerdingh.de\/wp-spd-ob\/wp-json\/wp\/v2\/comments?post=5014"}],"version-history":[{"count":0,"href":"https:\/\/meier-gerdingh.de\/wp-spd-ob\/wp-json\/wp\/v2\/posts\/5014\/revisions"}],"wp:attachment":[{"href":"https:\/\/meier-gerdingh.de\/wp-spd-ob\/wp-json\/wp\/v2\/media?parent=5014"}],"wp:term":[{"taxonomy":"category","embeddable":true,"href":"https:\/\/meier-gerdingh.de\/wp-spd-ob\/wp-json\/wp\/v2\/categories?post=5014"},{"taxonomy":"post_tag","embeddable":true,"href":"https:\/\/meier-gerdingh.de\/wp-spd-ob\/wp-json\/wp\/v2\/tags?post=5014"},{"taxonomy":"quellen","embeddable":true,"href":"https:\/\/meier-gerdingh.de\/wp-spd-ob\/wp-json\/wp\/v2\/quellen?post=5014"}],"curies":[{"name":"wp","href":"https:\/\/api.w.org\/{rel}","templated":true}]}}