{"id":5018,"date":"2018-03-06T21:02:58","date_gmt":"2018-03-06T20:02:58","guid":{"rendered":"http:\/\/meier-gerdingh.de\/wp-spd-ob\/?p=5018"},"modified":"2018-03-11T17:03:30","modified_gmt":"2018-03-11T16:03:30","slug":"koalition-nimmt-situation-der-senioren-unter-die-lupe","status":"publish","type":"post","link":"https:\/\/meier-gerdingh.de\/wp-spd-ob\/2018\/03\/06\/koalition-nimmt-situation-der-senioren-unter-die-lupe\/","title":{"rendered":"Koalition nimmt Situation der Senioren unter die Lupe"},"content":{"rendered":"<p>Im Rahmen einer Gro\u00dfen Anfrage hat die Ratskoalition aus SPD, Gr\u00fcnen und FDP einen Fragekatalog f\u00fcr die Stadtverwaltung zusammengestellt, dessen Beantwortung dabei helfen soll, die Lebenswirklichkeit von Seniorinnen und Senioren in Oberhausen zu erfassen. Wie stellt sich die aktuelle Bev\u00f6lkerungsstruktur der Stadt dar, wie entwickelt sie sich und wie reagiert Oberhausen auf die Herausforderungen, die sich daraus ergeben und noch verst\u00e4rkt ergeben werden?<!--more--><\/p>\n<p>Um eine kommunale Seniorenpolitik zu entwickeln, die der \u00e4lteren Generation ad\u00e4quate M\u00f6glichkeiten zur gesellschaftlichen, kulturellen und politischen Teilhabe erm\u00f6glicht, ist zun\u00e4chst eine Ist-Analyse vonn\u00f6ten \u2013 dazu dient die Gro\u00dfe Anfrage der Koalition. <\/p>\n<p>&#8222;Die Stadt Oberhausen als wichtigste Einrichtung der Daseinsvorsorge ist gefordert, eine zeitgem\u00e4\u00dfe, aktivierende, beteiligungs- und sozialraumorientierte, lokale Seniorenpolitik zu entwickeln&#8220;, erkl\u00e4rt Ercan Telli, sozialpolitischer Sprecher der SPD-Fraktion. <\/p>\n<p>Der Katalog umfasst beinahe 70 Fragen, die sich mit allen Aspekten des Lebens \u00e4lterer Menschen in der Stadt befassen. &#8222;Auf Grundlage der Antworten werden wir gemeinsam mit den Seniorinnen und Senioren dieser Stadt Projekte, Strukturen und Angebote entwickeln&#8220;, so Telli.<\/p>\n<p><strong>Download:<\/strong><\/p>\n<p><a href=\"http:\/\/meier-gerdingh.de\/wp-spd-ob\/wp-content\/uploads\/2018\/03\/grosse_anfrage_18_03_06_60plus.pdf\">Gro\u00dfe Anfrage: Seniorinnen und Senioren in Oberhausen | pdf-Datei, 220 KB <\/a><\/p>\n","protected":false},"excerpt":{"rendered":"<p>Im Rahmen einer Gro\u00dfen Anfrage hat die Ratskoalition aus SPD, Gr\u00fcnen und FDP einen Fragekatalog f\u00fcr die Stadtverwaltung zusammengestellt, dessen Beantwortung dabei helfen soll, die Lebenswirklichkeit von Seniorinnen und Senioren&hellip; <\/p>\n","protected":false},"author":1,"featured_media":0,"comment_status":"closed","ping_status":"closed","sticky":false,"template":"","format":"standard","meta":{"footnotes":""},"categories":[854],"tags":[898,1482,1483],"quellen":[326],"class_list":["post-5018","post","type-post","status-publish","format-standard","hentry","category-senioren","tag-ampel-koalition","tag-grosse-anfrage","tag-grosse-anfrage-senioren","quellen-spd-fraktion-oberhausen"],"_links":{"self":[{"href":"https:\/\/meier-gerdingh.de\/wp-spd-ob\/wp-json\/wp\/v2\/posts\/5018","targetHints":{"allow":["GET"]}}],"collection":[{"href":"https:\/\/meier-gerdingh.de\/wp-spd-ob\/wp-json\/wp\/v2\/posts"}],"about":[{"href":"https:\/\/meier-gerdingh.de\/wp-spd-ob\/wp-json\/wp\/v2\/types\/post"}],"author":[{"embeddable":true,"href":"https:\/\/meier-gerdingh.de\/wp-spd-ob\/wp-json\/wp\/v2\/users\/1"}],"replies":[{"embeddable":true,"href":"https:\/\/meier-gerdingh.de\/wp-spd-ob\/wp-json\/wp\/v2\/comments?post=5018"}],"version-history":[{"count":0,"href":"https:\/\/meier-gerdingh.de\/wp-spd-ob\/wp-json\/wp\/v2\/posts\/5018\/revisions"}],"wp:attachment":[{"href":"https:\/\/meier-gerdingh.de\/wp-spd-ob\/wp-json\/wp\/v2\/media?parent=5018"}],"wp:term":[{"taxonomy":"category","embeddable":true,"href":"https:\/\/meier-gerdingh.de\/wp-spd-ob\/wp-json\/wp\/v2\/categories?post=5018"},{"taxonomy":"post_tag","embeddable":true,"href":"https:\/\/meier-gerdingh.de\/wp-spd-ob\/wp-json\/wp\/v2\/tags?post=5018"},{"taxonomy":"quellen","embeddable":true,"href":"https:\/\/meier-gerdingh.de\/wp-spd-ob\/wp-json\/wp\/v2\/quellen?post=5018"}],"curies":[{"name":"wp","href":"https:\/\/api.w.org\/{rel}","templated":true}]}}