{"id":5029,"date":"2018-03-12T20:15:52","date_gmt":"2018-03-12T19:15:52","guid":{"rendered":"http:\/\/meier-gerdingh.de\/wp-spd-ob\/?p=5029"},"modified":"2018-03-14T20:19:34","modified_gmt":"2018-03-14T19:19:34","slug":"frauenhaus-platzt-aus-allen-naehten","status":"publish","type":"post","link":"https:\/\/meier-gerdingh.de\/wp-spd-ob\/2018\/03\/12\/frauenhaus-platzt-aus-allen-naehten\/","title":{"rendered":"Frauenhaus platzt aus allen N\u00e4hten"},"content":{"rendered":"<div id=\"attachment_3160\" style=\"width: 150px\" class=\"wp-caption alignleft\"><a href=\"http:\/\/meier-gerdingh.de\/wp-spd-ob\/wp-content\/uploads\/bongers_sonja.jpg\"><img aria-describedby=\"caption-attachment-3160\" decoding=\"async\" class=\"size-full wp-image-3160\" src=\"http:\/\/meier-gerdingh.de\/wp-spd-ob\/wp-content\/uploads\/bongers_sonja.jpg\" alt=\"\" width=\"140\" height=\"180\" \/><\/a><p id=\"caption-attachment-3160\" class=\"wp-caption-text\">Sonja Bongers ist stellvertretende Fraktionsvorsitzende der Oberhausener SPD<\/p><\/div>\n<p>Das Oberhausener Frauenhaus war in den vergangenen drei Jahren so stark frequentiert, dass die Einrichtung ihre Aufgabe als Krisen- und Notfallhilfe kaum noch erf\u00fcllen kann, da immer alle Pl\u00e4tze belegt sind und eine Notaufnahme praktisch nie m\u00f6glich ist. Dies hat die Stadtverwaltung der SPD-Stadtverordneten und Landtagsabgeordneten Sonja Bongers auf deren Kleine Anfrage hin nun mitgeteilt.<!--more--><\/p>\n<p>In den vergangenen Jahren mussten aus Platzmangel auch Anfragen an das Frauenhaus abgelehnt werden, alleine 152 im vergangenen Jahr. Die Einrichtung verf\u00fcgt \u00fcber Pl\u00e4tze f\u00fcr elf Frauen und sieben Kinder, also insgesamt 18 Pl\u00e4tze. In Notsituationen kann diese Zahl \u00fcberschritten werden, allerdings nur, was die Zahl der Kinder angeht.<\/p>\n<p>Es ist allerdings nicht nur der Platzmangel, der die Situation im Frauenhaus erschwert: Die Einrichtung ist zudem nicht barrierefrei, es fehlen eine Rampe f\u00fcr Kinderwagen oder Rollst\u00fchle, ein Aufzug und eine rollstuhlgerechte K\u00fccheneinrichtung.<\/p>\n<p>W\u00fcnschenswert, so hei\u00dft es in der Antwort an Sonja Bongers, sei eine Erweiterung der Kinderbetreuungsr\u00e4ume, zum Beispiel als Anbau oder Pavillonneubau nach Abriss von zwei bis drei der sechs vorhandenen Garagen. Zudem sei der Keller feucht und m\u00fcsse von au\u00dfen isoliert werden, um diesen Platz besser nutzen zu k\u00f6nnen.<\/p>\n","protected":false},"excerpt":{"rendered":"<p>Das Oberhausener Frauenhaus war in den vergangenen drei Jahren so stark frequentiert, dass die Einrichtung ihre Aufgabe als Krisen- und Notfallhilfe kaum noch erf\u00fcllen kann, da immer alle Pl\u00e4tze belegt&hellip; <\/p>\n","protected":false},"author":1,"featured_media":0,"comment_status":"closed","ping_status":"closed","sticky":false,"template":"","format":"standard","meta":{"footnotes":""},"categories":[95],"tags":[399,1489,135],"quellen":[326],"class_list":["post-5029","post","type-post","status-publish","format-standard","hentry","category-gleichstellung","tag-barrierefreiheit","tag-frauenhaus","tag-kleine-anfrage","quellen-spd-fraktion-oberhausen"],"_links":{"self":[{"href":"https:\/\/meier-gerdingh.de\/wp-spd-ob\/wp-json\/wp\/v2\/posts\/5029","targetHints":{"allow":["GET"]}}],"collection":[{"href":"https:\/\/meier-gerdingh.de\/wp-spd-ob\/wp-json\/wp\/v2\/posts"}],"about":[{"href":"https:\/\/meier-gerdingh.de\/wp-spd-ob\/wp-json\/wp\/v2\/types\/post"}],"author":[{"embeddable":true,"href":"https:\/\/meier-gerdingh.de\/wp-spd-ob\/wp-json\/wp\/v2\/users\/1"}],"replies":[{"embeddable":true,"href":"https:\/\/meier-gerdingh.de\/wp-spd-ob\/wp-json\/wp\/v2\/comments?post=5029"}],"version-history":[{"count":0,"href":"https:\/\/meier-gerdingh.de\/wp-spd-ob\/wp-json\/wp\/v2\/posts\/5029\/revisions"}],"wp:attachment":[{"href":"https:\/\/meier-gerdingh.de\/wp-spd-ob\/wp-json\/wp\/v2\/media?parent=5029"}],"wp:term":[{"taxonomy":"category","embeddable":true,"href":"https:\/\/meier-gerdingh.de\/wp-spd-ob\/wp-json\/wp\/v2\/categories?post=5029"},{"taxonomy":"post_tag","embeddable":true,"href":"https:\/\/meier-gerdingh.de\/wp-spd-ob\/wp-json\/wp\/v2\/tags?post=5029"},{"taxonomy":"quellen","embeddable":true,"href":"https:\/\/meier-gerdingh.de\/wp-spd-ob\/wp-json\/wp\/v2\/quellen?post=5029"}],"curies":[{"name":"wp","href":"https:\/\/api.w.org\/{rel}","templated":true}]}}