{"id":5034,"date":"2018-03-15T13:44:53","date_gmt":"2018-03-15T12:44:53","guid":{"rendered":"http:\/\/meier-gerdingh.de\/wp-spd-ob\/?p=5034"},"modified":"2018-03-18T15:07:35","modified_gmt":"2018-03-18T14:07:35","slug":"spd-ruft-zur-teilnahme-an-demonstration-auf","status":"publish","type":"post","link":"https:\/\/meier-gerdingh.de\/wp-spd-ob\/2018\/03\/15\/spd-ruft-zur-teilnahme-an-demonstration-auf\/","title":{"rendered":"SPD ruft zur Teilnahme an Demonstration auf"},"content":{"rendered":"<p>Die Nachricht von der Verlagerung der Schlie\u00dfung der GHH RAND hat die Belegschaft und die Oberhausener Bev\u00f6lkerung vor einigen Wochen kalt erwischt. Die IG Metall Oberhausen ruft f\u00fcr kommenden Samstag, 17.03.2018 zu einem Solidarit\u00e4tsmarsch mit anschlie\u00dfender Kundgebung auf.<\/p>\n<p><strong>Samstag&nbsp;&nbsp;|&nbsp;&nbsp;17.03.2018&nbsp;&nbsp;|&nbsp;&nbsp;10.00 Uhr:<br \/>\nStart des Demonstrationszuges am &#8222;Tor 6&#8220;.<\/strong><\/p>\n<p>Der Demonstrationszug zieht anschlie\u00dfend \u00fcber die Steinbrinkstra\u00dfe bis zum Technischen Rathaus.<\/p>\n<p><strong>Ab ca. 11.00 Uhr:<br \/>\nKundgebungsbeginn am Technischen Rathaus.<\/strong><\/p>\n<p>Der SPD-Ortsverein Sterkrade-S\u00fcd wird ab 11.00 Uhr auf dem Platz vor dem Technischen Rathaus einen Kaffeestand durchf\u00fchren.<\/p>\n","protected":false},"excerpt":{"rendered":"<p>Die Nachricht von der Verlagerung der Schlie\u00dfung der GHH RAND hat die Belegschaft und die Oberhausener Bev\u00f6lkerung vor einigen Wochen kalt erwischt. Die IG Metall Oberhausen ruft f\u00fcr kommenden Samstag,&hellip; <\/p>\n","protected":false},"author":1,"featured_media":0,"comment_status":"closed","ping_status":"closed","sticky":false,"template":"","format":"standard","meta":{"footnotes":""},"categories":[174],"tags":[1494,1449,1493],"quellen":[327],"class_list":["post-5034","post","type-post","status-publish","format-standard","hentry","category-arbeit-und-soziales","tag-demonstration","tag-ghh-rand","tag-ig-metall","quellen-spd-unterbezirk-oberhausen"],"_links":{"self":[{"href":"https:\/\/meier-gerdingh.de\/wp-spd-ob\/wp-json\/wp\/v2\/posts\/5034","targetHints":{"allow":["GET"]}}],"collection":[{"href":"https:\/\/meier-gerdingh.de\/wp-spd-ob\/wp-json\/wp\/v2\/posts"}],"about":[{"href":"https:\/\/meier-gerdingh.de\/wp-spd-ob\/wp-json\/wp\/v2\/types\/post"}],"author":[{"embeddable":true,"href":"https:\/\/meier-gerdingh.de\/wp-spd-ob\/wp-json\/wp\/v2\/users\/1"}],"replies":[{"embeddable":true,"href":"https:\/\/meier-gerdingh.de\/wp-spd-ob\/wp-json\/wp\/v2\/comments?post=5034"}],"version-history":[{"count":0,"href":"https:\/\/meier-gerdingh.de\/wp-spd-ob\/wp-json\/wp\/v2\/posts\/5034\/revisions"}],"wp:attachment":[{"href":"https:\/\/meier-gerdingh.de\/wp-spd-ob\/wp-json\/wp\/v2\/media?parent=5034"}],"wp:term":[{"taxonomy":"category","embeddable":true,"href":"https:\/\/meier-gerdingh.de\/wp-spd-ob\/wp-json\/wp\/v2\/categories?post=5034"},{"taxonomy":"post_tag","embeddable":true,"href":"https:\/\/meier-gerdingh.de\/wp-spd-ob\/wp-json\/wp\/v2\/tags?post=5034"},{"taxonomy":"quellen","embeddable":true,"href":"https:\/\/meier-gerdingh.de\/wp-spd-ob\/wp-json\/wp\/v2\/quellen?post=5034"}],"curies":[{"name":"wp","href":"https:\/\/api.w.org\/{rel}","templated":true}]}}