{"id":5041,"date":"2018-03-15T17:27:40","date_gmt":"2018-03-15T16:27:40","guid":{"rendered":"http:\/\/meier-gerdingh.de\/wp-spd-ob\/?p=5041"},"modified":"2018-03-15T17:27:40","modified_gmt":"2018-03-15T16:27:40","slug":"funktionsfaehigkeit-der-bruecken-erhalten","status":"publish","type":"post","link":"https:\/\/meier-gerdingh.de\/wp-spd-ob\/2018\/03\/15\/funktionsfaehigkeit-der-bruecken-erhalten\/","title":{"rendered":"Funktionsf\u00e4higkeit der Br\u00fccken erhalten"},"content":{"rendered":"<div id=\"attachment_5039\" style=\"width: 170px\" class=\"wp-caption alignleft\"><a href=\"http:\/\/meier-gerdingh.de\/wp-spd-ob\/wp-content\/uploads\/2018\/03\/real_ulrich_14_w.jpg\"><img aria-describedby=\"caption-attachment-5039\" decoding=\"async\" class=\"size-full wp-image-5039\" src=\"http:\/\/meier-gerdingh.de\/wp-spd-ob\/wp-content\/uploads\/2018\/03\/real_ulrich_14_w.jpg\" alt=\"\" width=\"160\" height=\"190\" \/><\/a><p id=\"caption-attachment-5039\" class=\"wp-caption-text\">Ulrich Real ist planungspolitischer Sprecher der SPD-Ratsfraktion und Bezirksb\u00fcrgermeister von Sterkrade<\/p><\/div>\n<p>Die Br\u00fccken und Unterf\u00fchrungen in Oberhausen befinden sich in einem guten oder zumindest befriedigendem Zustand. Dies hat sich nun aus einer \u00dcberpr\u00fcfung der hiesigen Bauwerke durch die Verwaltung ergeben. Insgesamt befinden sich auf dem Gebiet der Stadt Oberhausen 297 Br\u00fccken und Ingenieurbauwerke in Form von Unterf\u00fchrungen. 91 Br\u00fccken davon geh\u00f6ren in die Baulast der Stadt Oberhausen und der STOAG.<\/p>\n<p>Der ordentliche Zustand der Oberhausener Br\u00fccken darf aber nicht dar\u00fcber hinwegt\u00e4uschen, dass die Stadt vor gewaltigen Aufgaben steht. &#8222;Was heute als gut oder befriedigend bezeichnet werden kann, unterliegt nat\u00fcrlich in den n\u00e4chsten Jahren durch Nutzung einem erheblichen Verschlei\u00df&#8220;, gibt der planungspolitische Sprecher der SPD, Ulrich Real, zu bedenken. Dies bedeute, dass in Zukunft erhebliche Mittel zur Verf\u00fcgung gestellt werden m\u00fcssen, um die Funktionsf\u00e4higkeit der Br\u00fccken und Bauwerke zu erhalten.<!--more--><\/p>\n<p>Real erinnert weiter daran, dass die mangelnde Funktionsf\u00e4higkeit zweier Br\u00fccken zu deutlichen Verkehrsbehinderungen gef\u00fchrt hat. Die Liricher Br\u00fccke im Bereich der Schleuse war lange Zeit nur eingeschr\u00e4nkt nutzbar. Die marode M\u00fclheimer August-Thyssen-Br\u00fccke hat zu erheblichen Einschr\u00e4nkungen bei der Stra\u00dfenbahnlinie 112 gef\u00fchrt. Beide Br\u00fccken befinden sich allerdings nicht in der Baulast der Stadt Oberhausen oder der STOAG.<\/p>\n<p>&#8222;\u00c4hnliches darf in der Verantwortung der Stadt Oberhausen nicht passieren&#8220;, erkl\u00e4rt Real und erl\u00e4utert weiter, &#8222;dass deshalb schon jetzt finanzielle R\u00fcckstellungen gebildet werden m\u00fcssen, damit Br\u00fccken in Zukunft instandgehalten werden k\u00f6nnen.&#8220; Besonders wichtig ist f\u00fcr Real der Punkt, dass gerade der \u00d6PNV durch marode Br\u00fccken nicht eingeschr\u00e4nkt werden darf. Dieses w\u00fcrde zu einer Schw\u00e4chung des \u00f6ffentlichen Personennahverkehrs und damit zu einer Belastung der Umwelt f\u00fchren.<\/p>\n","protected":false},"excerpt":{"rendered":"<p>Die Br\u00fccken und Unterf\u00fchrungen in Oberhausen befinden sich in einem guten oder zumindest befriedigendem Zustand. Dies hat sich nun aus einer \u00dcberpr\u00fcfung der hiesigen Bauwerke durch die Verwaltung ergeben. Insgesamt&hellip; <\/p>\n","protected":false},"author":1,"featured_media":0,"comment_status":"closed","ping_status":"closed","sticky":false,"template":"","format":"standard","meta":{"footnotes":""},"categories":[27],"tags":[1496,1495,55,287],"quellen":[326],"class_list":["post-5041","post","type-post","status-publish","format-standard","hentry","category-planen-bauen-wohnen-verkehr","tag-brueckenzustand","tag-liricher-bruecke","tag-oepnv","tag-stoag","quellen-spd-fraktion-oberhausen"],"_links":{"self":[{"href":"https:\/\/meier-gerdingh.de\/wp-spd-ob\/wp-json\/wp\/v2\/posts\/5041","targetHints":{"allow":["GET"]}}],"collection":[{"href":"https:\/\/meier-gerdingh.de\/wp-spd-ob\/wp-json\/wp\/v2\/posts"}],"about":[{"href":"https:\/\/meier-gerdingh.de\/wp-spd-ob\/wp-json\/wp\/v2\/types\/post"}],"author":[{"embeddable":true,"href":"https:\/\/meier-gerdingh.de\/wp-spd-ob\/wp-json\/wp\/v2\/users\/1"}],"replies":[{"embeddable":true,"href":"https:\/\/meier-gerdingh.de\/wp-spd-ob\/wp-json\/wp\/v2\/comments?post=5041"}],"version-history":[{"count":0,"href":"https:\/\/meier-gerdingh.de\/wp-spd-ob\/wp-json\/wp\/v2\/posts\/5041\/revisions"}],"wp:attachment":[{"href":"https:\/\/meier-gerdingh.de\/wp-spd-ob\/wp-json\/wp\/v2\/media?parent=5041"}],"wp:term":[{"taxonomy":"category","embeddable":true,"href":"https:\/\/meier-gerdingh.de\/wp-spd-ob\/wp-json\/wp\/v2\/categories?post=5041"},{"taxonomy":"post_tag","embeddable":true,"href":"https:\/\/meier-gerdingh.de\/wp-spd-ob\/wp-json\/wp\/v2\/tags?post=5041"},{"taxonomy":"quellen","embeddable":true,"href":"https:\/\/meier-gerdingh.de\/wp-spd-ob\/wp-json\/wp\/v2\/quellen?post=5041"}],"curies":[{"name":"wp","href":"https:\/\/api.w.org\/{rel}","templated":true}]}}