{"id":5044,"date":"2018-03-16T13:00:07","date_gmt":"2018-03-16T12:00:07","guid":{"rendered":"http:\/\/meier-gerdingh.de\/wp-spd-ob\/?p=5044"},"modified":"2018-03-16T14:02:13","modified_gmt":"2018-03-16T13:02:13","slug":"entgeltgleichheit-ist-eine-frage-der-gerechtigkeit","status":"publish","type":"post","link":"https:\/\/meier-gerdingh.de\/wp-spd-ob\/2018\/03\/16\/entgeltgleichheit-ist-eine-frage-der-gerechtigkeit\/","title":{"rendered":"Entgeltgleichheit ist eine Frage der Gerechtigkeit"},"content":{"rendered":"<div id=\"attachment_1681\" style=\"width: 150px\" class=\"wp-caption alignleft\"><a href=\"http:\/\/meier-gerdingh.de\/wp-spd-ob\/wp-content\/uploads\/voepel_dirk_mdb.jpg\"><img aria-describedby=\"caption-attachment-1681\" decoding=\"async\" class=\"size-full wp-image-1681\" src=\"http:\/\/meier-gerdingh.de\/wp-spd-ob\/wp-content\/uploads\/voepel_dirk_mdb.jpg\" alt=\"\" width=\"140\" height=\"180\" \/><\/a><p id=\"caption-attachment-1681\" class=\"wp-caption-text\">Dirk V\u00f6pel ist Bundestagsabgeordneter f\u00fcr Oberhausen und Dinslaken und Vorsitzender der Oberhausener SPD<\/p><\/div>\n<p>Am 18. M\u00e4rz ist &#8222;Equal Pay Day&#8220; \u2013 der &#8222;Tag f\u00fcr gleiche Bezahlung&#8220; von Frauen und M\u00e4nnern. Er markiert in jedem Jahr symbolisch den Tag der Lohnl\u00fccke zwischen M\u00e4nnern und Frauen: W\u00e4hrend M\u00e4nner bereits ab dem 01.01. f\u00fcr ihre Arbeit bezahlt werden, arbeiten Frauen quasi bis zum 18.03. umsonst \u2013 und das f\u00fcr die gleiche bzw. gleichwertige Arbeit!<\/p>\n<p>Der SPD Bundestagsabgeordnete f\u00fcr Oberhausen, Dirk V\u00f6pel, wird sich auch in dieser Legislaturperiode daf\u00fcr einsetzen, dass die strukturellen Ungleichgewichte zwischen Frauen und M\u00e4nnern auf dem Arbeitsmarkt konsequent abgebaut werden. Ein wichtiger Baustein dabei: Das R\u00fcckkehrrecht von Teilzeit in Vollzeit.<!--more--><\/p>\n<p>&#8222;Es ist ungerecht, dass Frauen f\u00fcr die gleiche bzw. gleichwertige Arbeit am Ende des Monats im Schnitt 21 Prozent weniger in der Tasche haben als ihre m\u00e4nnlichen Kollegen. Und das hat weitreichende Folgen. So erzielen Frauen im Laufe ihres Erwerbslebens deutlich weniger Einkommen und bekommen dementsprechend auch weniger Rente&#8220;, mahnt Dirk V\u00f6pel.<\/p>\n<p>Mit der Einf\u00fchrung des Mindestlohns, dem Gesetz f\u00fcr Entgelttransparenz und der gesetzlichen Regelung f\u00fcr mehr Frauen in F\u00fchrungspositionen hat die SPD-Fraktion im Deutschen Bundestag bereits wichtige Schritte hin zu mehr Entgeltgleichheit erreicht. Klar ist aber auch: Es gibt nicht das eine Gesetz, das die Lohnl\u00fccke auf einen Schlag schlie\u00dft.<\/p>\n<p>&#8222;Mit den Verabredungen im gerade erst unterzeichneten Koalitionsvertrag werden wir den eingeschlagenen Weg des L\u00fcckenschlusses beim Lohn fortsetzen. Gleich zu Beginn werden wir das R\u00fcckkehrrecht von Teilzeit in Vollzeit auf den Weg bringen. Au\u00dferdem st\u00e4rken wir die Tarifl\u00f6hne in der Pflege und bauen finanzielle Ausbildungsh\u00fcrden bei Sozial- und Pflegeberufen ab&#8220; sagt MdB Dirk V\u00f6pel. Das kommt vor allem den Frauen zugute, weil vor allem sie in diesen Branchen arbeiten.<\/p>\n<p>&#8222;Mit der Einf\u00fchrung einer Grundrente werden wir Altersarmut bek\u00e4mpfen und die Lebensleistung vieler Frauen honorieren&#8220; betont der MdB.<\/p>\n<p>&#8222;Gleicher Lohn f\u00fcr gleiche Arbeit! Das muss f\u00fcr Frauen und M\u00e4nner uneingeschr\u00e4nkt und \u00fcberall \u2013 auch in Oberhausen \u2013 gelten. Wir wollen, dass der Equal Pay Day in Zukunft auf den 01.01. f\u00e4llt!&#8220;, so V\u00f6pel.<\/p>\n","protected":false},"excerpt":{"rendered":"<p>Am 18. M\u00e4rz ist &#8222;Equal Pay Day&#8220; \u2013 der &#8222;Tag f\u00fcr gleiche Bezahlung&#8220; von Frauen und M\u00e4nnern. Er markiert in jedem Jahr symbolisch den Tag der Lohnl\u00fccke zwischen M\u00e4nnern und&hellip; <\/p>\n","protected":false},"author":1,"featured_media":0,"comment_status":"closed","ping_status":"closed","sticky":false,"template":"","format":"standard","meta":{"footnotes":""},"categories":[95],"tags":[369,367,363,1432,1499,293,1435,1500],"quellen":[330],"class_list":["post-5044","post","type-post","status-publish","format-standard","hentry","category-gleichstellung","tag-entgeltgleichheit","tag-entgelttransparenz","tag-equal-pay-day","tag-grundrente","tag-koalitionsvertrag","tag-mindestlohn","tag-teilzeitbeschaeftigung","tag-vollzeitbeschaeftigung","quellen-mdb-dirk-voepel"],"_links":{"self":[{"href":"https:\/\/meier-gerdingh.de\/wp-spd-ob\/wp-json\/wp\/v2\/posts\/5044","targetHints":{"allow":["GET"]}}],"collection":[{"href":"https:\/\/meier-gerdingh.de\/wp-spd-ob\/wp-json\/wp\/v2\/posts"}],"about":[{"href":"https:\/\/meier-gerdingh.de\/wp-spd-ob\/wp-json\/wp\/v2\/types\/post"}],"author":[{"embeddable":true,"href":"https:\/\/meier-gerdingh.de\/wp-spd-ob\/wp-json\/wp\/v2\/users\/1"}],"replies":[{"embeddable":true,"href":"https:\/\/meier-gerdingh.de\/wp-spd-ob\/wp-json\/wp\/v2\/comments?post=5044"}],"version-history":[{"count":0,"href":"https:\/\/meier-gerdingh.de\/wp-spd-ob\/wp-json\/wp\/v2\/posts\/5044\/revisions"}],"wp:attachment":[{"href":"https:\/\/meier-gerdingh.de\/wp-spd-ob\/wp-json\/wp\/v2\/media?parent=5044"}],"wp:term":[{"taxonomy":"category","embeddable":true,"href":"https:\/\/meier-gerdingh.de\/wp-spd-ob\/wp-json\/wp\/v2\/categories?post=5044"},{"taxonomy":"post_tag","embeddable":true,"href":"https:\/\/meier-gerdingh.de\/wp-spd-ob\/wp-json\/wp\/v2\/tags?post=5044"},{"taxonomy":"quellen","embeddable":true,"href":"https:\/\/meier-gerdingh.de\/wp-spd-ob\/wp-json\/wp\/v2\/quellen?post=5044"}],"curies":[{"name":"wp","href":"https:\/\/api.w.org\/{rel}","templated":true}]}}