{"id":5060,"date":"2018-03-24T18:33:32","date_gmt":"2018-03-24T17:33:32","guid":{"rendered":"http:\/\/meier-gerdingh.de\/wp-spd-ob\/?p=5060"},"modified":"2018-03-30T18:46:56","modified_gmt":"2018-03-30T16:46:56","slug":"mehr-kultur-in-osterfeld","status":"publish","type":"post","link":"https:\/\/meier-gerdingh.de\/wp-spd-ob\/2018\/03\/24\/mehr-kultur-in-osterfeld\/","title":{"rendered":"Mehr Kultur in Osterfeld"},"content":{"rendered":"<p>Osterfeld bietet B\u00fcrgern, Interessierten und Touristen zahlreiche kulturelle Aktivit\u00e4ten f\u00fcr unterschiedliche Zielgruppen. F\u00fcr eine bessere Vernetzung, Unterst\u00fctzung der Aktivit\u00e4ten und Steigerung des Bekanntheitsgrades kultureller Angebote kamen viele Kulturvertreter aus Osterfeld zusammen, wie Vereine, Stadt und Akteure aus den Wohnquartieren und Stadtteilen Osterfelds, u.a. die Bistros Surmann und Jederman, Akteure in Eisenheim, an der GSO, der F\u00f6rderkreis der Burg Vondern, st\u00e4dtische Musikschule, Caritasverband, die Falken, ev. Auferstehungskirche, K\u00fcnstlerf\u00f6rderverein, Vertreter der Eisenheimquartiere, Stadteilb\u00fcro, Kulturb\u00fcro der Stadt, Stadtteilbibliothek sowie weitere Akteure.<!--more--><\/p>\n<p>Die Veranstaltung wurde durch den SPD-Ortsvereinsvorsitzenden Thorsten Kamps und Bezirksb\u00fcrgermeister Thomas Krey er\u00f6ffnet. Die Anwesenden nahmen rege an der Diskussion \u00fcber die verschiedenen Aspekte zur Steigerung der kulturellen Angebote und Kulturprogramme der Spielorte und gemeinsamen Identit\u00e4t in Osterfeld teil. <\/p>\n<p>Mit einer Vielzahl verschiedener Kulturaktivit\u00e4ten f\u00fcr unterschiedliche Zielgruppen zeichnet Osterfeld sich besonders aus:<\/p>\n<ul>\n<li>Ein <strong>Open Air Kino<\/strong> findet am 25. Juli am Osterfelder Marktplatz statt.<\/li>\n<li>Das <strong>Bistro Surmann<\/strong> bietet monatliche Musikveranstaltungen und K\u00fcnstlerprogramme und weitere Veranstaltungen Kulturinteressierten.<\/li>\n<li>Die <strong>Falken<\/strong> arbeiten mit Kindern und Jugendlichen in Kunstprojekten zusammen.<\/li>\n<li>Die <strong>ev. Auferstehungskirche<\/strong> bietet eine k\u00fcnstlerische Vielfalt f\u00fcr Ch\u00f6re und stellt R\u00e4umlichkeiten zur Verf\u00fcgung.<\/li>\n<li>Das <strong>Stadttheater<\/strong> bespielt in Stadtteilen.<\/li>\n<li>Zuk\u00fcnftig wird die <strong>neue Aula der GSO und Stadtteilbibliothek<\/strong> f\u00fcr Veranstaltungen zur Verf\u00fcgung stehen.<\/li>\n<li>Weitere kulturelle Aktivit\u00e4ten finden in <strong>Eisenheim<\/strong>, der <strong>Burg Vondern<\/strong>, der <strong>Antonyh\u00fctte<\/strong> und auf dem Olga-Gel\u00e4nde statt.<\/li>\n<\/ul>\n<p>Der Kulturdezernent und K\u00e4mmerer Apostolos Tsalastras und das Stadteilb\u00fcro erl\u00e4uterten die Aktivit\u00e4ten und Kultur-F\u00f6rderm\u00f6glichkeiten der Stadt Oberhausen. Es wurden bisher 40 Projekte in Osterfeld \u00fcber den sozialen st\u00e4dtischen Verf\u00fcgungsfonds von 100.000 Euro (soziale Stadt) gef\u00f6rdert, die den B\u00fcrgern zu Gute kamen. <\/p>\n<p>F\u00fcr Apostolos Tsalastras ist es besonders wichtig, mit den knappen st\u00e4dtischen Haushaltsmitteln eine gute Qualit\u00e4t an Kultur zu organisieren und als weiteren Schwerpunkt mit einer exzellenten kulturellen Bildung Kinder und Jugendliche zu f\u00f6rdern. <\/p>\n<p>Silke Jacobs, Mitglied des Rates, stellt sich eine vernetzte Zusammenarbeit aller Kunst- und Kulturakteure in Osterfeld durch Nutzung einer gemeinsamen Internet-Plattform vor. Diese Plattform und weitere Kan\u00e4le und Medien sollen &#8222;Jung und Alt&#8220; in Osterfeld erreichen. Die lokale Presse und der B\u00fcrgerring sollen hierbei mehr ber\u00fccksichtigt werden.<\/p>\n<p>Die Landtagsabgeordneten Sonja Bongers und Stefan Zimkeit werden im n\u00e4chsten Treffen der kulturell Interessierten nach den Sommerferien das kulturelle Landesf\u00f6rderprogramm des Kommunal- und Heimatministeriums NRW unter dem Thema &#8222;Heimat&#8220; vorstellen.  <\/p>\n<p>Das \u00f6ffentliche Kulturforum des SPD Ortsvereins fand im Bistro Surmann auf der Gildenstra\u00dfe 19 in Osterfeld statt.<\/p>\n","protected":false},"excerpt":{"rendered":"<p>Osterfeld bietet B\u00fcrgern, Interessierten und Touristen zahlreiche kulturelle Aktivit\u00e4ten f\u00fcr unterschiedliche Zielgruppen. F\u00fcr eine bessere Vernetzung, Unterst\u00fctzung der Aktivit\u00e4ten und Steigerung des Bekanntheitsgrades kultureller Angebote kamen viele Kulturvertreter aus Osterfeld&hellip; <\/p>\n","protected":false},"author":1,"featured_media":0,"comment_status":"closed","ping_status":"closed","sticky":false,"template":"","format":"standard","meta":{"footnotes":""},"categories":[40,167],"tags":[1490,41],"quellen":[339],"class_list":["post-5060","post","type-post","status-publish","format-standard","hentry","category-kultur","category-stadtteile","tag-kulturforum-osterfeld","tag-osterfeld","quellen-ov-osterfeld"],"_links":{"self":[{"href":"https:\/\/meier-gerdingh.de\/wp-spd-ob\/wp-json\/wp\/v2\/posts\/5060","targetHints":{"allow":["GET"]}}],"collection":[{"href":"https:\/\/meier-gerdingh.de\/wp-spd-ob\/wp-json\/wp\/v2\/posts"}],"about":[{"href":"https:\/\/meier-gerdingh.de\/wp-spd-ob\/wp-json\/wp\/v2\/types\/post"}],"author":[{"embeddable":true,"href":"https:\/\/meier-gerdingh.de\/wp-spd-ob\/wp-json\/wp\/v2\/users\/1"}],"replies":[{"embeddable":true,"href":"https:\/\/meier-gerdingh.de\/wp-spd-ob\/wp-json\/wp\/v2\/comments?post=5060"}],"version-history":[{"count":0,"href":"https:\/\/meier-gerdingh.de\/wp-spd-ob\/wp-json\/wp\/v2\/posts\/5060\/revisions"}],"wp:attachment":[{"href":"https:\/\/meier-gerdingh.de\/wp-spd-ob\/wp-json\/wp\/v2\/media?parent=5060"}],"wp:term":[{"taxonomy":"category","embeddable":true,"href":"https:\/\/meier-gerdingh.de\/wp-spd-ob\/wp-json\/wp\/v2\/categories?post=5060"},{"taxonomy":"post_tag","embeddable":true,"href":"https:\/\/meier-gerdingh.de\/wp-spd-ob\/wp-json\/wp\/v2\/tags?post=5060"},{"taxonomy":"quellen","embeddable":true,"href":"https:\/\/meier-gerdingh.de\/wp-spd-ob\/wp-json\/wp\/v2\/quellen?post=5060"}],"curies":[{"name":"wp","href":"https:\/\/api.w.org\/{rel}","templated":true}]}}