{"id":5073,"date":"2018-04-13T21:29:05","date_gmt":"2018-04-13T19:29:05","guid":{"rendered":"http:\/\/meier-gerdingh.de\/wp-spd-ob\/?p=5073"},"modified":"2018-04-13T21:29:05","modified_gmt":"2018-04-13T19:29:05","slug":"mehr-integrationshilfen-fuer-oberhausen","status":"publish","type":"post","link":"https:\/\/meier-gerdingh.de\/wp-spd-ob\/2018\/04\/13\/mehr-integrationshilfen-fuer-oberhausen\/","title":{"rendered":"Mehr Integrationshilfen f\u00fcr Oberhausen"},"content":{"rendered":"<div id=\"attachment_4925\" style=\"width: 290px\" class=\"wp-caption alignleft\"><a href=\"http:\/\/meier-gerdingh.de\/wp-spd-ob\/wp-content\/uploads\/2018\/01\/bongers_zimkeit_17.jpg\"><img aria-describedby=\"caption-attachment-4925\" decoding=\"async\" class=\"size-full wp-image-4925\" src=\"http:\/\/meier-gerdingh.de\/wp-spd-ob\/wp-content\/uploads\/2018\/01\/bongers_zimkeit_17.jpg\" alt=\"\" width=\"280\" height=\"192\" \/><\/a><p id=\"caption-attachment-4925\" class=\"wp-caption-text\">F\u00fcr uns im Landtag: Sonja Bongers und Stefan Zimkeit<\/p><\/div>\n<p>&#8222;Oberhausen wird bei der Zuteilung von Integrationsmitteln von der Landesregierung benachteiligt&#8220;, \u00e4rgert sich Stefan Zimkeit. &#8222;Es darf nicht sein, dass reiche St\u00e4dte wie Bonn und M\u00fcnster deutlich mehr Geld bekommen als eine Ruhrgebietsstadt mit erheblichen sozialen Problemen.&#8220; 1,3 Millionen Euro hat die NRW-Regierung f\u00fcr Oberhausen vorgesehen. &#8222;2,4 Millionen Euro w\u00fcrden auf unsere Stadt entfallen, wenn NRW die insgesamt 100 Millionen Euro nach einem fairen Schl\u00fcssel verteilt&#8220;, hat der SPD-Finanzexperte ausgerechnet.<!--more--><\/p>\n<p>&#8222;Bislang war es bei der Kommunalfinanzierung immer Konsens, die wirtschaftliche Lage der St\u00e4dte zu ber\u00fccksichtigen. Davon r\u00fcckt die CDU\/FDP-Regierung nun ab und verteilt die Finanzmittel pro Kopf und nicht nach Bedarf&#8220;, stellt Zimkeit fest.<\/p>\n<p>\u00dcberhaupt sei es zu wenig, landesweit nur 100 Millionen Euro als zus\u00e4tzliche Hilfe f\u00fcr die Integration von Fl\u00fcchtlingen bereitzustellen, meint die Abgeordnete Sonja Bongers. &#8222;Im Wahlkampf hatte die CDU noch vollmundig versprochen, 434 Millionen Euro an die Kommunen zu geben. Die SPD-Landtagsfraktion hatte nun beantragt, die von den kommunalen Spitzenverb\u00e4nden geforderten 175 Millionen Euro Integrationshilfe bereitzustellen&#8220;, so Bongers.<\/p>\n<p>Stefan Zimkeit erg\u00e4nzt: &#8222;Nordrhein-Westfalen spart momentan viel Geld, weil die Kosten f\u00fcr Fl\u00fcchtlinge erheblich zur\u00fcckgegangen sind. Es w\u00e4re fair, wenn ein angemessener Teil dieser Einsparungen an die St\u00e4dte weitergegeben w\u00fcrde, die die Hauptlast der Integration tragen.&#8220; Wenn die D\u00fcsseldorfer Landesregierung 175 Millionen Euro gerecht verteilen w\u00fcrde, bek\u00e4me Oberhausen sogar 3,4 Millionen Euro, erl\u00e4utert Zimkeit die Forderung der SPD.<\/p>\n","protected":false},"excerpt":{"rendered":"<p>&#8222;Oberhausen wird bei der Zuteilung von Integrationsmitteln von der Landesregierung benachteiligt&#8220;, \u00e4rgert sich Stefan Zimkeit. &#8222;Es darf nicht sein, dass reiche St\u00e4dte wie Bonn und M\u00fcnster deutlich mehr Geld bekommen&hellip; <\/p>\n","protected":false},"author":1,"featured_media":0,"comment_status":"closed","ping_status":"closed","sticky":false,"template":"","format":"standard","meta":{"footnotes":""},"categories":[61,216],"tags":[209,1506,14],"quellen":[1317,331],"class_list":["post-5073","post","type-post","status-publish","format-standard","hentry","category-integration","category-land","tag-fluechtlinge","tag-integrationshilfe","tag-kommunalfinanzen","quellen-mdl-sonja-bongers","quellen-mdl-stefan-zimkeit"],"_links":{"self":[{"href":"https:\/\/meier-gerdingh.de\/wp-spd-ob\/wp-json\/wp\/v2\/posts\/5073","targetHints":{"allow":["GET"]}}],"collection":[{"href":"https:\/\/meier-gerdingh.de\/wp-spd-ob\/wp-json\/wp\/v2\/posts"}],"about":[{"href":"https:\/\/meier-gerdingh.de\/wp-spd-ob\/wp-json\/wp\/v2\/types\/post"}],"author":[{"embeddable":true,"href":"https:\/\/meier-gerdingh.de\/wp-spd-ob\/wp-json\/wp\/v2\/users\/1"}],"replies":[{"embeddable":true,"href":"https:\/\/meier-gerdingh.de\/wp-spd-ob\/wp-json\/wp\/v2\/comments?post=5073"}],"version-history":[{"count":0,"href":"https:\/\/meier-gerdingh.de\/wp-spd-ob\/wp-json\/wp\/v2\/posts\/5073\/revisions"}],"wp:attachment":[{"href":"https:\/\/meier-gerdingh.de\/wp-spd-ob\/wp-json\/wp\/v2\/media?parent=5073"}],"wp:term":[{"taxonomy":"category","embeddable":true,"href":"https:\/\/meier-gerdingh.de\/wp-spd-ob\/wp-json\/wp\/v2\/categories?post=5073"},{"taxonomy":"post_tag","embeddable":true,"href":"https:\/\/meier-gerdingh.de\/wp-spd-ob\/wp-json\/wp\/v2\/tags?post=5073"},{"taxonomy":"quellen","embeddable":true,"href":"https:\/\/meier-gerdingh.de\/wp-spd-ob\/wp-json\/wp\/v2\/quellen?post=5073"}],"curies":[{"name":"wp","href":"https:\/\/api.w.org\/{rel}","templated":true}]}}