{"id":5077,"date":"2018-04-17T17:43:30","date_gmt":"2018-04-17T15:43:30","guid":{"rendered":"http:\/\/meier-gerdingh.de\/wp-spd-ob\/?p=5077"},"modified":"2018-04-17T17:44:30","modified_gmt":"2018-04-17T15:44:30","slug":"fahrverbote-unbedingt-vermeiden","status":"publish","type":"post","link":"https:\/\/meier-gerdingh.de\/wp-spd-ob\/2018\/04\/17\/fahrverbote-unbedingt-vermeiden\/","title":{"rendered":"Fahrverbote unbedingt vermeiden"},"content":{"rendered":"<div id=\"attachment_1359\" style=\"width: 150px\" class=\"wp-caption alignleft\"><a href=\"http:\/\/meier-gerdingh.de\/wp-spd-ob\/wp-content\/uploads\/flore_manfred_14.jpg\"><img aria-describedby=\"caption-attachment-1359\" decoding=\"async\" class=\"size-full wp-image-1359\" src=\"http:\/\/meier-gerdingh.de\/wp-spd-ob\/wp-content\/uploads\/flore_manfred_14.jpg\" alt=\"\" width=\"140\" height=\"169\" \/><\/a><p id=\"caption-attachment-1359\" class=\"wp-caption-text\">Manfred Flore ist umwelt- und kulturpolitischer Sprecher der SPD-Fraktion<\/p><\/div>\n<p>Um die Auswirkungen m\u00f6glicher Fahrverbote in Oberhausen f\u00fcr Dieselfahrzeuge einzusch\u00e4tzen, hat der umweltpolitische Sprecher der SPD-Fraktion, Manfred Flore, die Zahl derjenigen Fahrzeuge erfragt, die von solch einer Ma\u00dfnahme betroffen sein k\u00f6nnten.<\/p>\n<p>Aus der <a href=\"http:\/\/meier-gerdingh.de\/wp-spd-ob\/wp-content\/uploads\/2018\/04\/flore_anfrage_dieselfahrzeuge_18_04.pdf\">Antwort der Verwaltung<\/a> ergibt sich, dass Anfang April insgesamt gut 33.300 Fahrzeuge mit Dieselantrieb f\u00fcr den Stra\u00dfenverkehr zugelassen waren.<\/p>\n<p>Seit September 2009 sind rund 8.000 fabrikneue Fahrzeuge mit Dieselantrieb und Euro-5-Norm zugelassen worden, seit September 2014 knapp 7.000 Dieselfahrzeuge der Euronorm 6. In diesen beiden Schadstoffklassen haben Tricksereien der Automobilhersteller bei der Abgasmessung eine breite Diskussion in der \u00d6ffentlichkeit ausgel\u00f6st.<!--more--><\/p>\n<p>Doch auch \u00e4ltere Dieselfahrzeuge der Schadstoffklassen eins bis vier, bei denen keine Messtricks angewandt worden sind, w\u00e4ren wegen ihrer Werte von einem Fahrverbot bedroht. Lediglich 63 Dieselfahrzeuge der neuen, strengen Euronorm 6d, die nicht von einem Fahrverbot betroffen w\u00e4ren, waren Anfang April in Oberhausen angemeldet \u2013 das sind nicht einmal 0,2 Prozent des Gesamtbestandes.<\/p>\n<p>&#8222;Diese Zahlen zeigen, wie gro\u00df der Kreis der in Oberhausen betroffenen Fahrzeuge und ihrer Halter w\u00e4re&#8220;, erkl\u00e4rt Manfred Flore. &#8222;Das gilt f\u00fcr Privatpersonen ebenso wie f\u00fcr zahlreiche kleine Betriebe, die sich im guten Glauben f\u00fcr ein Dieselfahrzeug entschieden haben und nun erhebliche finanzielle Einbu\u00dfen hinnehmen m\u00fcssen.&#8220;<\/p>\n<p>F\u00fcr ihn steht fest: &#8222;Wir m\u00fcssen als Stadt alles tun, um m\u00f6gliche Fahrverbote zu vermeiden. Auch von der deutschen Automobilindustrie, die im vergangenen Jahr riesige Gewinne vermelden konnte, muss in Sachen Pkw-Umr\u00fcstung deutlich mehr kommen&#8220;, so Flore.<\/p>\n<p><strong>Download:<\/strong><br \/>\n<a href=\"http:\/\/meier-gerdingh.de\/wp-spd-ob\/wp-content\/uploads\/2018\/04\/flore_anfrage_dieselfahrzeuge_18_04.pdf\">Kleine Anfrage der SPD-Fraktion: Drohende Fahrverbote f\u00fcr Dieselfahrzeuge, pdf-Datei<\/a><\/p>\n","protected":false},"excerpt":{"rendered":"<p>Um die Auswirkungen m\u00f6glicher Fahrverbote in Oberhausen f\u00fcr Dieselfahrzeuge einzusch\u00e4tzen, hat der umweltpolitische Sprecher der SPD-Fraktion, Manfred Flore, die Zahl derjenigen Fahrzeuge erfragt, die von solch einer Ma\u00dfnahme betroffen sein&hellip; <\/p>\n","protected":false},"author":1,"featured_media":0,"comment_status":"closed","ping_status":"closed","sticky":false,"template":"","format":"standard","meta":{"footnotes":""},"categories":[29],"tags":[1479,1477,1475,1478,1508],"quellen":[326],"class_list":["post-5077","post","type-post","status-publish","format-standard","hentry","category-umwelt","tag-automobilindustrie","tag-diesel-pkw","tag-dieselfahrverbote","tag-fahrverbote","tag-keine-anfrage","quellen-spd-fraktion-oberhausen"],"_links":{"self":[{"href":"https:\/\/meier-gerdingh.de\/wp-spd-ob\/wp-json\/wp\/v2\/posts\/5077","targetHints":{"allow":["GET"]}}],"collection":[{"href":"https:\/\/meier-gerdingh.de\/wp-spd-ob\/wp-json\/wp\/v2\/posts"}],"about":[{"href":"https:\/\/meier-gerdingh.de\/wp-spd-ob\/wp-json\/wp\/v2\/types\/post"}],"author":[{"embeddable":true,"href":"https:\/\/meier-gerdingh.de\/wp-spd-ob\/wp-json\/wp\/v2\/users\/1"}],"replies":[{"embeddable":true,"href":"https:\/\/meier-gerdingh.de\/wp-spd-ob\/wp-json\/wp\/v2\/comments?post=5077"}],"version-history":[{"count":0,"href":"https:\/\/meier-gerdingh.de\/wp-spd-ob\/wp-json\/wp\/v2\/posts\/5077\/revisions"}],"wp:attachment":[{"href":"https:\/\/meier-gerdingh.de\/wp-spd-ob\/wp-json\/wp\/v2\/media?parent=5077"}],"wp:term":[{"taxonomy":"category","embeddable":true,"href":"https:\/\/meier-gerdingh.de\/wp-spd-ob\/wp-json\/wp\/v2\/categories?post=5077"},{"taxonomy":"post_tag","embeddable":true,"href":"https:\/\/meier-gerdingh.de\/wp-spd-ob\/wp-json\/wp\/v2\/tags?post=5077"},{"taxonomy":"quellen","embeddable":true,"href":"https:\/\/meier-gerdingh.de\/wp-spd-ob\/wp-json\/wp\/v2\/quellen?post=5077"}],"curies":[{"name":"wp","href":"https:\/\/api.w.org\/{rel}","templated":true}]}}