{"id":5085,"date":"2018-04-20T16:09:09","date_gmt":"2018-04-20T14:09:09","guid":{"rendered":"http:\/\/meier-gerdingh.de\/wp-spd-ob\/?p=5085"},"modified":"2018-04-20T16:09:09","modified_gmt":"2018-04-20T14:09:09","slug":"gerechtigkeitsluecke-bei-elternbeitraegen-schnell-schliessen","status":"publish","type":"post","link":"https:\/\/meier-gerdingh.de\/wp-spd-ob\/2018\/04\/20\/gerechtigkeitsluecke-bei-elternbeitraegen-schnell-schliessen\/","title":{"rendered":"Gerechtigkeitsl\u00fccke bei Elternbeitr\u00e4gen schnell schlie\u00dfen"},"content":{"rendered":"<div id=\"attachment_1410\" style=\"width: 150px\" class=\"wp-caption alignleft\"><a href=\"http:\/\/meier-gerdingh.de\/wp-spd-ob\/wp-content\/uploads\/grosse_broemer_wolfgang_14.jpg\"><img aria-describedby=\"caption-attachment-1410\" decoding=\"async\" class=\"size-full wp-image-1410\" src=\"http:\/\/meier-gerdingh.de\/wp-spd-ob\/wp-content\/uploads\/grosse_broemer_wolfgang_14.jpg\" alt=\"\" width=\"140\" height=\"169\" \/><\/a><p id=\"caption-attachment-1410\" class=\"wp-caption-text\">Wolfgang Gro\u00dfe Br\u00f6mer ist Vorsitzender der SPD-Ratsfraktion<\/p><\/div>\n<p>Die SPD-Ratsfraktion will eine Gerechtigkeitsl\u00fccke schlie\u00dfen, die sich mit der seit dem vergangenen Sommer g\u00fcltigen Beitragssatzung ergibt, die die H\u00f6he der Elternbeitr\u00e4ge f\u00fcr die Betreuung von Kindern in einer Kita und der Offenen Ganztagsschule (OGS) regelt.<\/p>\n<p>Entsprechend dieser Satzung sind Eltern mit einem Jahreseinkommen von bis zu 15.000 Euro von der Beitragszahlung befreit. Allerdings sind etliche sozial benachteiligten Familien, die durch diese Bemessungsgrenze finanziell geschont werden sollten, dennoch zahlungspflichtig. Dies gilt sogar f\u00fcr alleinerziehende Hartz-IV-Bezieher, die vom anderen Elternteil finanziell gar nicht oder nur unzureichend unterst\u00fctzt werden, so dass das Jugendamt einen Unterhaltsvorschuss gew\u00e4hrt.<\/p>\n<p>&#8222;Das bedeutet f\u00fcr die betroffenen Familien eine erhebliche Belastung. Falls Kinder dann aus finanziellen Gr\u00fcnden diese Angebote nicht wahrnehmen k\u00f6nnen, w\u00e4re das f\u00fcr die weiteren Bildungschancen der Kinder katastrophal&#8220;, erkl\u00e4rt der SPD-Fraktionsvorsitzende Wolfgang Gro\u00dfe Br\u00f6mer. Betroffen sind n\u00e4mlich vor allem die Oberhausener Kinder, die aus finanziellen Gr\u00fcnden keine Kita mehr besuchen, nicht mehr an der Mittagsverpflegung in der OGS teilnehmen und anschlie\u00dfend auch keine Nachmittagsf\u00f6rderung mehr erhalten.<!--more--><\/p>\n<p>&#8222;Die Bemessungsgrenzen der Beitragssatzung m\u00fcssen unbedingt erh\u00f6ht werden, um neben den SGB-II-Leistungsempf\u00e4ngern auch Familien mit sehr geringem Jahreseinkommen von den Elternbeitr\u00e4gen zu befreien&#8220;, fordert Gro\u00dfe Br\u00f6mer.<\/p>\n<p>Am Beispiel eines oder einer Alleinerziehenden mit einem Kind und fehlender finanzieller Unterst\u00fctzung durch den anderen Elternteil wird dies exemplarisch deutlich:<\/p>\n<p>F\u00fcr die Beitragsberechnung werden f\u00fcr das Elternteil der Regelbedarf, (416 Euro), der f\u00fcr das Kind (240 Euro, abz\u00fcglich 194 Euro Kindergeld) addiert, dazu kommen f\u00fcr eine angemessene Miete noch 583,70 Euro plus Leistungen nach dem Unterhaltsvorschussgesetz (154 Euro), was im Monat knapp 1350 Euro und damit ein Jahreseinkommen von mehr als 15.000 Euro bedeutet.<\/p>\n","protected":false},"excerpt":{"rendered":"<p>Die SPD-Ratsfraktion will eine Gerechtigkeitsl\u00fccke schlie\u00dfen, die sich mit der seit dem vergangenen Sommer g\u00fcltigen Beitragssatzung ergibt, die die H\u00f6he der Elternbeitr\u00e4ge f\u00fcr die Betreuung von Kindern in einer Kita&hellip; <\/p>\n","protected":false},"author":1,"featured_media":0,"comment_status":"closed","ping_status":"closed","sticky":false,"template":"","format":"standard","meta":{"footnotes":""},"categories":[174,179],"tags":[1024,782,741,778,1509,1510],"quellen":[326],"class_list":["post-5085","post","type-post","status-publish","format-standard","hentry","category-arbeit-und-soziales","category-kinder-und-jugendliche","tag-alleinerziehende","tag-elternbeitraege","tag-hartz-iv","tag-kita-gebuehren","tag-offener-ganztag-ogs","tag-sgb-ii","quellen-spd-fraktion-oberhausen"],"_links":{"self":[{"href":"https:\/\/meier-gerdingh.de\/wp-spd-ob\/wp-json\/wp\/v2\/posts\/5085","targetHints":{"allow":["GET"]}}],"collection":[{"href":"https:\/\/meier-gerdingh.de\/wp-spd-ob\/wp-json\/wp\/v2\/posts"}],"about":[{"href":"https:\/\/meier-gerdingh.de\/wp-spd-ob\/wp-json\/wp\/v2\/types\/post"}],"author":[{"embeddable":true,"href":"https:\/\/meier-gerdingh.de\/wp-spd-ob\/wp-json\/wp\/v2\/users\/1"}],"replies":[{"embeddable":true,"href":"https:\/\/meier-gerdingh.de\/wp-spd-ob\/wp-json\/wp\/v2\/comments?post=5085"}],"version-history":[{"count":0,"href":"https:\/\/meier-gerdingh.de\/wp-spd-ob\/wp-json\/wp\/v2\/posts\/5085\/revisions"}],"wp:attachment":[{"href":"https:\/\/meier-gerdingh.de\/wp-spd-ob\/wp-json\/wp\/v2\/media?parent=5085"}],"wp:term":[{"taxonomy":"category","embeddable":true,"href":"https:\/\/meier-gerdingh.de\/wp-spd-ob\/wp-json\/wp\/v2\/categories?post=5085"},{"taxonomy":"post_tag","embeddable":true,"href":"https:\/\/meier-gerdingh.de\/wp-spd-ob\/wp-json\/wp\/v2\/tags?post=5085"},{"taxonomy":"quellen","embeddable":true,"href":"https:\/\/meier-gerdingh.de\/wp-spd-ob\/wp-json\/wp\/v2\/quellen?post=5085"}],"curies":[{"name":"wp","href":"https:\/\/api.w.org\/{rel}","templated":true}]}}