{"id":5099,"date":"2018-04-26T17:35:05","date_gmt":"2018-04-26T15:35:05","guid":{"rendered":"http:\/\/meier-gerdingh.de\/wp-spd-ob\/?p=5099"},"modified":"2018-04-26T17:35:05","modified_gmt":"2018-04-26T15:35:05","slug":"erste-landtagsrede-und-ein-plaedoyer-fuer-die-unterstuetzung-der-oeffentlichen-feuerwehr","status":"publish","type":"post","link":"https:\/\/meier-gerdingh.de\/wp-spd-ob\/2018\/04\/26\/erste-landtagsrede-und-ein-plaedoyer-fuer-die-unterstuetzung-der-oeffentlichen-feuerwehr\/","title":{"rendered":"Erste Landtagsrede und ein Pl\u00e4doyer f\u00fcr die Unterst\u00fctzung der \u00f6ffentlichen Feuerwehr"},"content":{"rendered":"<div id=\"attachment_4241\" style=\"width: 150px\" class=\"wp-caption alignleft\"><a href=\"http:\/\/meier-gerdingh.de\/wp-spd-ob\/wp-content\/uploads\/2017\/05\/bongers_sonja_17.jpg\"><img aria-describedby=\"caption-attachment-4241\" decoding=\"async\" class=\"size-full wp-image-4241\" src=\"http:\/\/meier-gerdingh.de\/wp-spd-ob\/wp-content\/uploads\/2017\/05\/bongers_sonja_17.jpg\" alt=\"\" width=\"140\" height=\"192\" \/><\/a><p id=\"caption-attachment-4241\" class=\"wp-caption-text\">Sonja Bongers ist Mitglied des Landtags f\u00fcr Alt-Oberhausen und Osterfeld<\/p><\/div>\n<p>Sie sind da, wenn sie gebraucht werden und setzen dabei oftmals ihr eigenes Leben aufs Spiel \u2013 die \u00f6ffentlichen Feuerwehren und Rettungsdienste. In ihrer Jungfernrede im heutigen Plenum des Landtags NRW hat die Landtagsabgeordnete Sonja Bongers (SPD) ein Pl\u00e4doyer f\u00fcr eine bessere Unterst\u00fctzung von Feuerwehren und Rettungsdiensten gehalten.<\/p>\n<p>&#8222;Ich finde es wichtig, dass unsere Rettungsdienste gen\u00fcgend \u00dcbungsm\u00f6glichkeiten haben, um Eins\u00e4tze in zu simulieren, um auf den Ernstfall bestens vorbereitet zu sein. Als Landtagsabgeordnete und Kommunalpolitikerin setze ich mich daf\u00fcr ein, dass das Land die Kommunen bei der der Bereitstellung solcher \u00dcbungspl\u00e4tze unterst\u00fctzt&#8220;, machte Bongers deutlich.<!--more--><\/p>\n<p>Zu ihrer ersten Rede im hohen Hause sagt die Abgeordnete: &#8222;Es war eine tolle Erfahrung, die ich mit Sicherheit und viel Vorfreude jetzt \u00f6fter machen werde!&#8220;<\/p>\n","protected":false},"excerpt":{"rendered":"<p>Sie sind da, wenn sie gebraucht werden und setzen dabei oftmals ihr eigenes Leben aufs Spiel \u2013 die \u00f6ffentlichen Feuerwehren und Rettungsdienste. In ihrer Jungfernrede im heutigen Plenum des Landtags&hellip; <\/p>\n","protected":false},"author":1,"featured_media":0,"comment_status":"closed","ping_status":"closed","sticky":false,"template":"","format":"standard","meta":{"footnotes":""},"categories":[216],"tags":[278,1525],"quellen":[1317],"class_list":["post-5099","post","type-post","status-publish","format-standard","hentry","category-land","tag-feuerwehr","tag-landtagsrede","quellen-mdl-sonja-bongers"],"_links":{"self":[{"href":"https:\/\/meier-gerdingh.de\/wp-spd-ob\/wp-json\/wp\/v2\/posts\/5099","targetHints":{"allow":["GET"]}}],"collection":[{"href":"https:\/\/meier-gerdingh.de\/wp-spd-ob\/wp-json\/wp\/v2\/posts"}],"about":[{"href":"https:\/\/meier-gerdingh.de\/wp-spd-ob\/wp-json\/wp\/v2\/types\/post"}],"author":[{"embeddable":true,"href":"https:\/\/meier-gerdingh.de\/wp-spd-ob\/wp-json\/wp\/v2\/users\/1"}],"replies":[{"embeddable":true,"href":"https:\/\/meier-gerdingh.de\/wp-spd-ob\/wp-json\/wp\/v2\/comments?post=5099"}],"version-history":[{"count":0,"href":"https:\/\/meier-gerdingh.de\/wp-spd-ob\/wp-json\/wp\/v2\/posts\/5099\/revisions"}],"wp:attachment":[{"href":"https:\/\/meier-gerdingh.de\/wp-spd-ob\/wp-json\/wp\/v2\/media?parent=5099"}],"wp:term":[{"taxonomy":"category","embeddable":true,"href":"https:\/\/meier-gerdingh.de\/wp-spd-ob\/wp-json\/wp\/v2\/categories?post=5099"},{"taxonomy":"post_tag","embeddable":true,"href":"https:\/\/meier-gerdingh.de\/wp-spd-ob\/wp-json\/wp\/v2\/tags?post=5099"},{"taxonomy":"quellen","embeddable":true,"href":"https:\/\/meier-gerdingh.de\/wp-spd-ob\/wp-json\/wp\/v2\/quellen?post=5099"}],"curies":[{"name":"wp","href":"https:\/\/api.w.org\/{rel}","templated":true}]}}