{"id":510,"date":"2006-04-11T16:00:00","date_gmt":"2006-04-11T14:00:00","guid":{"rendered":"http:\/\/www.meier-gerdingh.de\/spd-oberhausen\/wp\/?p=510"},"modified":"2017-05-14T15:43:52","modified_gmt":"2017-05-14T13:43:52","slug":"oberhausen-jubelt-mit","status":"publish","type":"post","link":"https:\/\/meier-gerdingh.de\/wp-spd-ob\/2006\/04\/11\/oberhausen-jubelt-mit\/","title":{"rendered":"Oberhausen jubelt mit!"},"content":{"rendered":"<div style=\"width: 150px\" class=\"wp-caption alignleft\"><a href=\"http:\/\/meier-gerdingh.de\/wp-spd-ob\/wp-content\/uploads\/flore_manfred.jpg\"><img decoding=\"async\" class=\"size-full\" src=\"http:\/\/meier-gerdingh.de\/wp-spd-ob\/wp-content\/uploads\/flore_manfred.jpg\" alt=\"Manfred Flore ist kulturpolitischer Sprecher der SPD-Fraktion\" width=\"140\" height=\"191\" \/><\/a><p class=\"wp-caption-text\">Manfred Flore ist kulturpolitischer Sprecher der SPD-Fraktion<\/p><\/div>\n<p>&#8222;Mit gro\u00dfer Freude&#8220;, so Manfred Flore, kulturpolitischer Sprecher der SPD-Ratsfraktion, &#8222;haben wir von der Entscheidung der EU-Jury, Essen und damit das gesamte Ruhrgebiet zur Kulturhauptstadt 2010 zu k\u00fcren, erfahren&#8220;. Mit dieser Entscheidung wird ein mehr als dreij\u00e4hriger, f\u00fcr die Region sehr erfolgreich gemanagter Wettbewerb um diesen europaweit bedeutsamen Titel erfreulich beendet.<!--more--><\/p>\n<p>F\u00fcr die Sozialdemokraten ist dabei besonders wichtig, dass nicht allein die sogenannte Hochkultur, sondern vielmehr das breite soziokulturelle Angebot Motor f\u00fcr die erfolgreiche gemeinsame Bewerbung ist. Unter dem Motto &#8222;Wandel durch Kultur &#8211; Kultur durch Wandel&#8220; ist gerade der Entwicklungsprozess der Region Ruhrgebiet als N\u00e4hrboden f\u00fcr eine facettenreiche Kulturlandschaft Grundlage f\u00fcr diesen herausragenden Erfolg.<\/p>\n<p>&#8222;Nach einer berechtigten Zeit der Freude&#8220;, so Manfred Flore abschlie\u00dfend, &#8222;gilt es, die Chancen gemeinsam zu nutzen, die sich mit diesem herausragenden Pr\u00e4dikat f\u00fcr die Region ergeben. Essen, Oberhausen und die Region sind mit ihrer gut aufgestellten und lebendigen Kulturlandschaft bereit, sich als gute Gastgeber f\u00fcr Europa zu pr\u00e4sentieren.&#8220;<\/p>\n","protected":false},"excerpt":{"rendered":"<p>&#8222;Mit gro\u00dfer Freude&#8220;, so Manfred Flore, kulturpolitischer Sprecher der SPD-Ratsfraktion, &#8222;haben wir von der Entscheidung der EU-Jury, Essen und damit das gesamte Ruhrgebiet zur Kulturhauptstadt 2010 zu k\u00fcren, erfahren&#8220;. Mit&hellip; <\/p>\n","protected":false},"author":1,"featured_media":0,"comment_status":"closed","ping_status":"closed","sticky":false,"template":"","format":"standard","meta":{"footnotes":""},"categories":[1],"tags":[],"quellen":[],"class_list":["post-510","post","type-post","status-publish","format-standard","hentry","category-allgemein"],"_links":{"self":[{"href":"https:\/\/meier-gerdingh.de\/wp-spd-ob\/wp-json\/wp\/v2\/posts\/510","targetHints":{"allow":["GET"]}}],"collection":[{"href":"https:\/\/meier-gerdingh.de\/wp-spd-ob\/wp-json\/wp\/v2\/posts"}],"about":[{"href":"https:\/\/meier-gerdingh.de\/wp-spd-ob\/wp-json\/wp\/v2\/types\/post"}],"author":[{"embeddable":true,"href":"https:\/\/meier-gerdingh.de\/wp-spd-ob\/wp-json\/wp\/v2\/users\/1"}],"replies":[{"embeddable":true,"href":"https:\/\/meier-gerdingh.de\/wp-spd-ob\/wp-json\/wp\/v2\/comments?post=510"}],"version-history":[{"count":0,"href":"https:\/\/meier-gerdingh.de\/wp-spd-ob\/wp-json\/wp\/v2\/posts\/510\/revisions"}],"wp:attachment":[{"href":"https:\/\/meier-gerdingh.de\/wp-spd-ob\/wp-json\/wp\/v2\/media?parent=510"}],"wp:term":[{"taxonomy":"category","embeddable":true,"href":"https:\/\/meier-gerdingh.de\/wp-spd-ob\/wp-json\/wp\/v2\/categories?post=510"},{"taxonomy":"post_tag","embeddable":true,"href":"https:\/\/meier-gerdingh.de\/wp-spd-ob\/wp-json\/wp\/v2\/tags?post=510"},{"taxonomy":"quellen","embeddable":true,"href":"https:\/\/meier-gerdingh.de\/wp-spd-ob\/wp-json\/wp\/v2\/quellen?post=510"}],"curies":[{"name":"wp","href":"https:\/\/api.w.org\/{rel}","templated":true}]}}