{"id":5100,"date":"2018-04-26T17:37:15","date_gmt":"2018-04-26T15:37:15","guid":{"rendered":"http:\/\/meier-gerdingh.de\/wp-spd-ob\/?p=5100"},"modified":"2018-05-17T17:08:20","modified_gmt":"2018-05-17T15:08:20","slug":"dank-an-polizei-und-ordnungsdienst","status":"publish","type":"post","link":"https:\/\/meier-gerdingh.de\/wp-spd-ob\/2018\/04\/26\/dank-an-polizei-und-ordnungsdienst\/","title":{"rendered":"Dank an Polizei und Ordnungsdienst"},"content":{"rendered":"<div id=\"attachment_1359\" style=\"width: 150px\" class=\"wp-caption alignleft\"><a href=\"http:\/\/meier-gerdingh.de\/wp-spd-ob\/wp-content\/uploads\/flore_manfred_14.jpg\"><img aria-describedby=\"caption-attachment-1359\" decoding=\"async\" class=\"size-full wp-image-1359\" src=\"http:\/\/meier-gerdingh.de\/wp-spd-ob\/wp-content\/uploads\/flore_manfred_14.jpg\" alt=\"\" width=\"140\" height=\"169\" \/><\/a><p id=\"caption-attachment-1359\" class=\"wp-caption-text\">Manfred Flore ist umwelt- und kulturpolitischer Sprecher der SPD-Fraktion<\/p><\/div>\n<p>Dass der Kampf gegen die Kriminalit\u00e4t im vergangenen Jahr eine erfreuliche Entwicklung genommen hat \u2013 Oberhausen ist noch ein St\u00fcck sicherer geworden \u2013, hat Polizeipr\u00e4sident Ingolf M\u00f6hring bereits im vergangenen Monat verk\u00fcnden k\u00f6nnen. Die Polizeiliche Kriminalstatistik f\u00fcr das Jahr 2017, die Vergleiche auf Bundes- und Landesebene zul\u00e4sst, hat den positiven Trend in Oberhausen best\u00e4tigt.<\/p>\n<p>Im Ranking der sichersten Gro\u00dfst\u00e4dte Deutschlands hat sich die Stadt auf Platz drei hinter M\u00fcnchen (1.) und Augsburg (2.) geschoben, das gute Vorjahresergebnis (Platz 5 f\u00fcr Oberhausen) konnte also noch einmal verbessert werden. So wurden 2017 die wenigsten K\u00f6rperverletzungen in einer deutschen Gro\u00dfstadt hier registriert. &#8222;Diese Entwicklung ist sehr erfreulich und zeigt, dass wir in Oberhausen auf einem guten Weg sind&#8220;, erkl\u00e4rt der SPD-Stadtverordnete Manfred Flore.<!--more--><\/p>\n<p>F\u00fcr den stellvertretenden Vorsitzenden des Polizeibeirats ist allerdings auch klar: &#8222;Auf diesen Lorbeeren darf sich weder die Polizei noch die Verwaltung, Politik oder Stadtgesellschaft ausruhen. Das subjektive Sicherheitsgef\u00fchl der Menschen, die in unserer Stadt leben, ist schlie\u00dflich mindestens ebenso wichtig wie statistische Daten. Und da haben wir noch einiges zu tun, das wird in Gespr\u00e4chen immer wieder deutlich.&#8220;<\/p>\n<p>So seien in Alt-Oberhausen zum Beispiel die Gegend rund um den Hauptbahnhof oder der Altmarkt Orte, an denen sich viele Menschen ungerne aufhalten \u2013 ein Umstand, den der Stadtverordnete nicht hinnehmen will.<\/p>\n<p>Der eingeschlagene Weg, so Flore, sei jedoch der richtige. Die noch engere Zusammenarbeit von Polizei und Kommunalem Ordnungsdienst, etwa in der gemeinsamen, mobilen Wache, sei ein wichtiger Schritt gewesen. &#8222;Und der von uns vorgeschlagene, gemeinsame Standort in der Innenstadt, der auch bereits auf den Weg gebracht ist, geht in die gleiche Richtung.&#8220;<\/p>\n","protected":false},"excerpt":{"rendered":"<p>Dass der Kampf gegen die Kriminalit\u00e4t im vergangenen Jahr eine erfreuliche Entwicklung genommen hat \u2013 Oberhausen ist noch ein St\u00fcck sicherer geworden \u2013, hat Polizeipr\u00e4sident Ingolf M\u00f6hring bereits im vergangenen&hellip; <\/p>\n","protected":false},"author":1,"featured_media":0,"comment_status":"closed","ping_status":"closed","sticky":false,"template":"","format":"standard","meta":{"footnotes":""},"categories":[7],"tags":[1440,1083,1442,6,1526,1527],"quellen":[326],"class_list":["post-5100","post","type-post","status-publish","format-standard","hentry","category-sicherheit","tag-altmarkt","tag-hauptbahnhof","tag-mobile-wache","tag-polizei","tag-polizeiliche-kriminalstatistik","tag-subjektives-sicherheitsgefuehl","quellen-spd-fraktion-oberhausen"],"_links":{"self":[{"href":"https:\/\/meier-gerdingh.de\/wp-spd-ob\/wp-json\/wp\/v2\/posts\/5100","targetHints":{"allow":["GET"]}}],"collection":[{"href":"https:\/\/meier-gerdingh.de\/wp-spd-ob\/wp-json\/wp\/v2\/posts"}],"about":[{"href":"https:\/\/meier-gerdingh.de\/wp-spd-ob\/wp-json\/wp\/v2\/types\/post"}],"author":[{"embeddable":true,"href":"https:\/\/meier-gerdingh.de\/wp-spd-ob\/wp-json\/wp\/v2\/users\/1"}],"replies":[{"embeddable":true,"href":"https:\/\/meier-gerdingh.de\/wp-spd-ob\/wp-json\/wp\/v2\/comments?post=5100"}],"version-history":[{"count":0,"href":"https:\/\/meier-gerdingh.de\/wp-spd-ob\/wp-json\/wp\/v2\/posts\/5100\/revisions"}],"wp:attachment":[{"href":"https:\/\/meier-gerdingh.de\/wp-spd-ob\/wp-json\/wp\/v2\/media?parent=5100"}],"wp:term":[{"taxonomy":"category","embeddable":true,"href":"https:\/\/meier-gerdingh.de\/wp-spd-ob\/wp-json\/wp\/v2\/categories?post=5100"},{"taxonomy":"post_tag","embeddable":true,"href":"https:\/\/meier-gerdingh.de\/wp-spd-ob\/wp-json\/wp\/v2\/tags?post=5100"},{"taxonomy":"quellen","embeddable":true,"href":"https:\/\/meier-gerdingh.de\/wp-spd-ob\/wp-json\/wp\/v2\/quellen?post=5100"}],"curies":[{"name":"wp","href":"https:\/\/api.w.org\/{rel}","templated":true}]}}