{"id":5109,"date":"2018-04-25T13:01:35","date_gmt":"2018-04-25T11:01:35","guid":{"rendered":"http:\/\/meier-gerdingh.de\/wp-spd-ob\/?p=5109"},"modified":"2018-05-01T13:06:15","modified_gmt":"2018-05-01T11:06:15","slug":"rentenerhoehung-beschlossen","status":"publish","type":"post","link":"https:\/\/meier-gerdingh.de\/wp-spd-ob\/2018\/04\/25\/rentenerhoehung-beschlossen\/","title":{"rendered":"Rentenerh\u00f6hung beschlossen"},"content":{"rendered":"<div id=\"attachment_1681\" style=\"width: 150px\" class=\"wp-caption alignleft\"><a href=\"http:\/\/meier-gerdingh.de\/wp-spd-ob\/wp-content\/uploads\/voepel_dirk_mdb.jpg\"><img aria-describedby=\"caption-attachment-1681\" decoding=\"async\" class=\"size-full wp-image-1681\" src=\"http:\/\/meier-gerdingh.de\/wp-spd-ob\/wp-content\/uploads\/voepel_dirk_mdb.jpg\" alt=\"\" width=\"140\" height=\"180\" \/><\/a><p id=\"caption-attachment-1681\" class=\"wp-caption-text\">Dirk V\u00f6pel ist Bundestagsabgeordneter f\u00fcr Oberhausen und Dinslaken und Vorsitzender der Oberhausener SPD<\/p><\/div>\n<p><em>Gute Nachrichten f\u00fcr \u00fcber 20 Millionen Rentnerinnen und Rentner: Die Bundesregierung hat heute beschlossen, die Renten zu erh\u00f6hen. Zum 1. Juli 2018 wird die Rente in Westdeutschland um 3,22 Prozent und in den neuen L\u00e4ndern sogar um 3,37 Prozent steigen. Dazu erkl\u00e4rt Dirk V\u00f6pel, Bundestagsabgeordneter f\u00fcr Oberhausen und Dinslaken:<\/em><\/p>\n<p>&#8222;Wir werden die Weichen daf\u00fcr stellen, dass Renten auch k\u00fcnftig weiter z\u00fcgig steigen. Deshalb machen wir eine Politik f\u00fcr eine gute Entwicklung auf dem Arbeitsmarkt &#8211; denn nur mit einem hohen Besch\u00e4ftigungsstand und guten L\u00f6hnen gibt es auch eine gute Rente. Dazu haben wir ein ganzes B\u00fcndel an Ma\u00dfnahmen geschn\u00fcrt.&#8220;<!--more--><\/p>\n<p>Dass sich Familie und Beruf k\u00fcnftig besser unter einen Hut bringen lassen, wird mit der <strong>Br\u00fcckenteilzeit<\/strong> sichergestellt werden. Berufst\u00e4tige Eltern d\u00fcrfen nicht in die Teilzeitfalle geraten, sondern m\u00fcssen bei der Vereinbarkeit von Familie und Beruf gest\u00e4rkt werden. Das bedeutet ein Lohnplus auf dem Gehaltskonto und sp\u00e4ter auf dem Rentenkonto.<\/p>\n<p>&#8222;So wie wir mit dem gesetzlichen Mindestlohn die Einkommensentwicklung insgesamt verbessert haben, wollen wir auch die Situation von Berufsstartern weiter verbessern und eine <strong>Mindestausbildungsverg\u00fctung<\/strong> einf\u00fchren&#8220;, k\u00fcndigt V\u00f6pel an. Durch ein <strong>Fachkr\u00e4ftegesetz<\/strong> wird der Zuzug qualifizierter Arbeitskr\u00e4fte aus dem Ausland gesteuert und damit die wirtschaftliche Entwicklung und in der Folge die Lohnentwicklung in Deutschland vorangebracht.<\/p>\n<p>Zugleich werden im Inland die Rahmenbedingungen f\u00fcr die <strong>Besch\u00e4ftigung \u00c4lterer<\/strong> verbessert.<\/p>\n<p>&#8222;Wir sorgen auch daf\u00fcr, dass <strong>Geringqualifizierte<\/strong> umf\u00e4nglicher weitergebildet werden als bisher, um dem Fachkr\u00e4ftemangel beizukommen und die Einkommenssituation dieser Menschen zu verbessern&#8220;, so MdB Dirk V\u00f6pel.<\/p>\n<p>Mit einem <strong>Recht auf Weiterbildungsberatung<\/strong> durch die Bundesagentur f\u00fcr Arbeit f\u00fcr alle Arbeitnehmerinnen und Arbeitnehmer und einer in sich stimmigen nationalen Weiterbildungsstrategie werden die Weiterbildungsprogramme des Bundes und der L\u00e4nder besser geb\u00fcndelt. Zudem sollen die Arbeitsbedingungen und die Bezahlung in den <strong>Pflegeberufen<\/strong> sp\u00fcrbar verbessert und die gesetzlichen Voraussetzungen daf\u00fcr geschaffen werden, um in der Altenpflege leichter zu einem fl\u00e4chendeckend g\u00fcltigen Tarifvertrag zu kommen.<\/p>\n<p>MdB Dirk V\u00f6epl betont abschlie\u00dfend: &#8222;Mit all diesen Ma\u00dfnahmen machen wir uns nicht nur stark f\u00fcr gute Arbeit, sondern sorgen f\u00fcr eine verl\u00e4ssliche und gute Rente.&#8220;<\/p>\n","protected":false},"excerpt":{"rendered":"<p>Gute Nachrichten f\u00fcr \u00fcber 20 Millionen Rentnerinnen und Rentner: Die Bundesregierung hat heute beschlossen, die Renten zu erh\u00f6hen. Zum 1. Juli 2018 wird die Rente in Westdeutschland um 3,22 Prozent&hellip; <\/p>\n","protected":false},"author":1,"featured_media":0,"comment_status":"closed","ping_status":"closed","sticky":false,"template":"","format":"standard","meta":{"footnotes":""},"categories":[174,180],"tags":[1541,1537,551,1536,293,472,1539,1534,1540,1535,1538,1437,1264],"quellen":[330],"class_list":["post-5109","post","type-post","status-publish","format-standard","hentry","category-arbeit-und-soziales","category-bund","tag-fachkraeftegesetz","tag-geringqualifizierte","tag-gute-arbeit","tag-mindestausbildungsverguetung","tag-mindestlohn","tag-pflege","tag-pflegeberufe","tag-renten","tag-rentenangleichung","tag-rentenerhoehung","tag-tarifvertraege","tag-teilzeitarbeit","tag-weiterbildung","quellen-mdb-dirk-voepel"],"_links":{"self":[{"href":"https:\/\/meier-gerdingh.de\/wp-spd-ob\/wp-json\/wp\/v2\/posts\/5109","targetHints":{"allow":["GET"]}}],"collection":[{"href":"https:\/\/meier-gerdingh.de\/wp-spd-ob\/wp-json\/wp\/v2\/posts"}],"about":[{"href":"https:\/\/meier-gerdingh.de\/wp-spd-ob\/wp-json\/wp\/v2\/types\/post"}],"author":[{"embeddable":true,"href":"https:\/\/meier-gerdingh.de\/wp-spd-ob\/wp-json\/wp\/v2\/users\/1"}],"replies":[{"embeddable":true,"href":"https:\/\/meier-gerdingh.de\/wp-spd-ob\/wp-json\/wp\/v2\/comments?post=5109"}],"version-history":[{"count":0,"href":"https:\/\/meier-gerdingh.de\/wp-spd-ob\/wp-json\/wp\/v2\/posts\/5109\/revisions"}],"wp:attachment":[{"href":"https:\/\/meier-gerdingh.de\/wp-spd-ob\/wp-json\/wp\/v2\/media?parent=5109"}],"wp:term":[{"taxonomy":"category","embeddable":true,"href":"https:\/\/meier-gerdingh.de\/wp-spd-ob\/wp-json\/wp\/v2\/categories?post=5109"},{"taxonomy":"post_tag","embeddable":true,"href":"https:\/\/meier-gerdingh.de\/wp-spd-ob\/wp-json\/wp\/v2\/tags?post=5109"},{"taxonomy":"quellen","embeddable":true,"href":"https:\/\/meier-gerdingh.de\/wp-spd-ob\/wp-json\/wp\/v2\/quellen?post=5109"}],"curies":[{"name":"wp","href":"https:\/\/api.w.org\/{rel}","templated":true}]}}